{"id":17810,"date":"2025-11-30T10:01:11","date_gmt":"2025-11-30T13:01:11","guid":{"rendered":"https:\/\/horapicodigital.com.ar\/?p=17810"},"modified":"2025-11-30T10:01:12","modified_gmt":"2025-11-30T13:01:12","slug":"activa-mente-jujuy-la-carrera-por-la-salud-mental-que-se-combina-con-el-arte","status":"publish","type":"post","link":"https:\/\/horapicodigital.com.ar\/index.php\/2025\/11\/30\/activa-mente-jujuy-la-carrera-por-la-salud-mental-que-se-combina-con-el-arte\/","title":{"rendered":"\u00abActiva-Mente Jujuy\u00bb, la carrera por la salud mental que se combina con el arte"},"content":{"rendered":"\n<p>\u00abActiva-Mente Jujuy\u00bb, la carrera por la salud mental que se combina con el arte<\/p>\n\n\n\n<p>Este domingo se realizar\u00e1 la carrera \u201cActiva-Mente Jujuy \u2013 Exincor Trail &amp; Run\u201d, que procura promover la salud mental.<\/p>\n\n\n\n<p>Este\u00a0<strong>domingo 30 de noviembre a las 8.30 en el predio industrial de Exincor SRL<\/strong>, en R\u00edo Blanco (Palpal\u00e1), ser\u00e1 realizar\u00e1 la\u00a0<strong>carrera de cross country \u201cActiva-Mente Jujuy \u2013 Exincor Trail &amp; Run\u201d,<\/strong>\u00a0una propuesta que une deporte, participaci\u00f3n comunitaria y concientizaci\u00f3n sobre la salud mental.<\/p>\n\n\n\n<p><strong>Los primeros 150 inscriptos reciben una remera especialmente intervenida por el artista juje\u00f1o Ariel Cort\u00e9z<\/strong>, sumando arte e identidad local a la experiencia. \u201cVengo dise\u00f1ando varias remeras para varias carreras y ahora me sum\u00e9 con Activa-Mente\u201d.<\/p>\n\n\n\n<p><strong>\u201cEs una carrera que toma como modelo algo que me parece que es \u00fanico en el mundo, tener conciencia de la salud mental\u201d<\/strong>, ponder\u00f3 el artista. \u201cLa remera fue pensada en una escena que tiene que ver con destacar a uno de nuestros l\u00edderes juje\u00f1os\u201d.<\/p>\n\n\n\n<p><strong>\u201cEn la remera est\u00e1 visualizada la pintura de un profesor vinculado a la organizaci\u00f3n Urku que le dicen el chaque\u00f1o<\/strong>. Es un l\u00edder deportista que muchas veces hizo podios, pero a m\u00ed me gust\u00f3 mucho la historia de \u00e9l cuando uno de sus alumnos me cont\u00f3 que lo acompa\u00f1\u00f3 en todo un proceso de quimioterapia, busc\u00e1ndolo a su casa y haci\u00e9ndolo salir y correr\u201d.<\/p>\n\n\n\n<p><strong>\u201cEsa escena que pasa m\u00e1s all\u00e1 del espacio de ser profesor y comprometerse con la salud del otro<\/strong>, hace de que de pronto lo podamos destacar como l\u00edder. Yo le propuse a la organizaci\u00f3n que todos los a\u00f1os destaquemos una personalidad vinculada al deporte y que se separe de ese concepto deportivo y trabaje m\u00e1s por la persona\u201d, explic\u00f3 Cortez.<\/p>\n\n\n\n<h2 class=\"wp-block-heading\">Activa-Mente Jujuy y el objetivo por la salud mental<\/h2>\n\n\n\n<p>La iniciativa nace de un\u00a0<strong>proyecto de largo plazo impulsado por una corporaci\u00f3n de empresas locales\u00a0y un equipo interdisciplinario liderado, entre otros, por la psic\u00f3loga Estefan\u00eda Valdez\u00a0<\/strong>(MP 412), quien dijo que proyecto \u201cest\u00e1 vinculado a la salud mental, al cuidado de la salud mental, a poder visibilizar la importancia del cuidado de nuestra salud mental\u201d.<\/p>\n\n\n\n<p><strong>La consigna es clara: \u201ccorrer con prop\u00f3sito\u201d,<\/strong>&nbsp;usar el running como excusa para hablar de lo que nos pasa, visibilizar el cuidado de la salud mental y recordar que el bienestar emocional se construye \u201cen red, entre todos\u201d. El contexto respalda la urgencia del mensaje: en Jujuy, la depresi\u00f3n ya figura entre los principales motivos de consulta e internaci\u00f3n en salud mental, seg\u00fan datos oficiales provinciales.<\/p>\n\n\n\n<h2 class=\"wp-block-heading\">Distancias, inclusi\u00f3n y actividades en el predio<\/h2>\n\n\n\n<p>\u201cActiva-Mente Jujuy \u2013 Exincor Trail &amp; Run\u201d ofrecer\u00e1 tres distancias:&nbsp;<strong>un circuito de 5K, otro de 10K y un recorrido inclusivo de 1,5K, pensado para que puedan sumarse personas con distintos niveles de entrenamiento<\/strong>&nbsp;y tambi\u00e9n participantes con discapacidad, ya sea de forma aut\u00f3noma o acompa\u00f1ados por duplas de corredores.<\/p>\n\n\n\n<p>Desde la organizaci\u00f3n remarcan que<strong>&nbsp;habr\u00e1 corredores experimentados disponibles para acompa\u00f1ar a quienes se inician en el cross<\/strong>. Adem\u00e1s de la carrera, habr\u00e1 stands de instituciones vinculadas a la salud mental, propuestas l\u00fadicas y recreativas, una \u201cpausa activa\u201d con otras pr\u00e1cticas de cuidado del cuerpo, m\u00fasica en vivo y sorteos.<\/p>\n\n\n\n<p><strong>Quienes deseen participar pueden inscribirse de manera online a trav\u00e9s de la plataforma\u00a0urku.com.ar<\/strong>, y desde la organizaci\u00f3n subrayan que, m\u00e1s all\u00e1 de los tiempos y podios, la invitaci\u00f3n es a \u201cmover el cuerpo y hablar de salud mental\u201d: convertir un domingo de carrera en un punto de encuentro para repensar, en clave comunitaria, c\u00f3mo nos cuidamos y c\u00f3mo cuidamos a los dem\u00e1s.<\/p>\n\n\n\n<p><\/p>\n","protected":false},"excerpt":{"rendered":"<p>\u00abActiva-Mente Jujuy\u00bb, la carrera por la salud mental que se combina con el arte Este domingo se realizar\u00e1 la carrera \u201cActiva-Mente Jujuy \u2013 Exincor Trail &amp; Run\u201d, que procura promover la salud mental. Este\u00a0domingo 30 de noviembre a las 8.30 en el predio industrial de Exincor SRL, en R\u00edo Blanco (Palpal\u00e1), ser\u00e1 realizar\u00e1 la\u00a0carrera de [&hellip;]<\/p>\n","protected":false},"author":7,"featured_media":17812,"comment_status":"open","ping_status":"open","sticky":false,"template":"","format":"standard","meta":{"_themeisle_gutenberg_block_has_review":false,"footnotes":""},"categories":[10,2714],"tags":[58],"class_list":["post-17810","post","type-post","status-publish","format-standard","has-post-thumbnail","hentry","category-deportes","category-shows-y-eventos","tag-jujuy"],"_links":{"self":[{"href":"https:\/\/horapicodigital.com.ar\/index.php\/wp-json\/wp\/v2\/posts\/17810","targetHints":{"allow":["GET"]}}],"collection":[{"href":"https:\/\/horapicodigital.com.ar\/index.php\/wp-json\/wp\/v2\/posts"}],"about":[{"href":"https:\/\/horapicodigital.com.ar\/index.php\/wp-json\/wp\/v2\/types\/post"}],"author":[{"embeddable":true,"href":"https:\/\/horapicodigital.com.ar\/index.php\/wp-json\/wp\/v2\/users\/7"}],"replies":[{"embeddable":true,"href":"https:\/\/horapicodigital.com.ar\/index.php\/wp-json\/wp\/v2\/comments?post=17810"}],"version-history":[{"count":1,"href":"https:\/\/horapicodigital.com.ar\/index.php\/wp-json\/wp\/v2\/posts\/17810\/revisions"}],"predecessor-version":[{"id":17813,"href":"https:\/\/horapicodigital.com.ar\/index.php\/wp-json\/wp\/v2\/posts\/17810\/revisions\/17813"}],"wp:featuredmedia":[{"embeddable":true,"href":"https:\/\/horapicodigital.com.ar\/index.php\/wp-json\/wp\/v2\/media\/17812"}],"wp:attachment":[{"href":"https:\/\/horapicodigital.com.ar\/index.php\/wp-json\/wp\/v2\/media?parent=17810"}],"wp:term":[{"taxonomy":"category","embeddable":true,"href":"https:\/\/horapicodigital.com.ar\/index.php\/wp-json\/wp\/v2\/categories?post=17810"},{"taxonomy":"post_tag","embeddable":true,"href":"https:\/\/horapicodigital.com.ar\/index.php\/wp-json\/wp\/v2\/tags?post=17810"}],"curies":[{"name":"wp","href":"https:\/\/api.w.org\/{rel}","templated":true}]}}