{"id":17801,"date":"2025-11-28T09:08:57","date_gmt":"2025-11-28T12:08:57","guid":{"rendered":"https:\/\/horapicodigital.com.ar\/?p=17801"},"modified":"2025-11-28T09:08:58","modified_gmt":"2025-11-28T12:08:58","slug":"tata-nieva-expone-su-musica-en-la-muestra-fotografica-ancestral","status":"publish","type":"post","link":"https:\/\/horapicodigital.com.ar\/index.php\/2025\/11\/28\/tata-nieva-expone-su-musica-en-la-muestra-fotografica-ancestral\/","title":{"rendered":"TATA NIEVA EXPONE SU M\u00daSICA EN LA MUESTRA FOTOGR\u00c1FICA \u201cANCESTRAL\u201d"},"content":{"rendered":"\n<p>En el marco de la Noche de los Museos y en el hall del Cine Teatro Select, el m\u00fasico bandoneonista Jos\u00e9 \u201cTata\u201d Nieva compartir\u00e1 un taller sobre el funcionamiento del bandone\u00f3n y tambi\u00e9n una parte de su repertorio musical, este viernes 28 de noviembre a las 21.30 horas.<br>\u201cAncestral\u201d es una muestra fotogr\u00e1fica que viene exponi\u00e9ndose desde mediados de noviembre y relata la historia del bandone\u00f3n centenario que es parte de la familia Nieva.<br>\u201cTata\u201d Nieva expondr\u00e1 el instrumento y los mecanismos que le dan sonoridad; acompa\u00f1ando el momento con piezas musicales tradicionales del norte argentino y de Bolivia. Es esta una oportunidad casi \u00fanica de acceder, conocer las diferentes partes y componentes de este intrumento alem\u00e1n que desde 1945 ya no se fabrica m\u00e1s en el mundo, lo que en s\u00ed lo constituye en un museo sonoro.<br>La cita ser\u00e1 en el Cine Teatro Select (Alvear 665).<\/p>\n\n\n\n<p>Historia del bandone\u00f3n en los Nieva<\/p>\n\n\n<div class=\"wp-block-image\">\n<figure class=\"aligncenter size-large\"><img loading=\"lazy\" decoding=\"async\" width=\"503\" height=\"1024\" src=\"https:\/\/horapicodigital.com.ar\/wp-content\/uploads\/2025\/11\/dec2abbd-f263-497c-a902-b49da0c6dd8c-503x1024.jpg\" alt=\"\" class=\"wp-image-17802\" srcset=\"https:\/\/horapicodigital.com.ar\/wp-content\/uploads\/2025\/11\/dec2abbd-f263-497c-a902-b49da0c6dd8c-503x1024.jpg 503w, https:\/\/horapicodigital.com.ar\/wp-content\/uploads\/2025\/11\/dec2abbd-f263-497c-a902-b49da0c6dd8c-147x300.jpg 147w, https:\/\/horapicodigital.com.ar\/wp-content\/uploads\/2025\/11\/dec2abbd-f263-497c-a902-b49da0c6dd8c.jpg 626w\" sizes=\"auto, (max-width: 503px) 100vw, 503px\" \/><\/figure>\n<\/div>\n\n\n<p>Juan Nieva naci\u00f3 en Monteros (Tucum\u00e1n), un 5 de enero de 1909. All\u00ed hizo la escuela primaria. Luego, a los 14 a\u00f1os se fue caminando a G\u00fcemes (Salta) a trabajar cosechando ca\u00f1as en el ingenio.<br>Con el tiempo pas\u00f3 a La Esperanza (Jujuy), donde trabaj\u00f3 y para salir de esas duras jornadas bajo el sol que se extend\u00edan desde las 5 de la ma\u00f1ana hasta las 5 de la tarde, ahorr\u00f3 todo lo que pudo para comprar un bandone\u00f3n y su m\u00e9todo de estudio.<br>Con el tiempo y cuando comenzaron a salir las primeras melod\u00edas y acordes, pas\u00f3 a desempe\u00f1arse como sereno en las instalaciones del pueblo. Ten\u00eda 25 a\u00f1os y as\u00ed comenz\u00f3 animar las fiestas de los jefes y mejor\u00f3 su calidad de vida. Pas\u00f3 animar noches de fiesta en el pueblo.<br>Con el tiempo se dirigi\u00f3 a San Salvador de Jujuy y comenz\u00f3 a trabajar en las fiestas y bailes populosos de la ciudad. Conoci\u00f3 a Julia Ernestina Aguayo y comenzaron a compartir el camino. Tuvieron cuatro hijos y una hija, a cada uno le ense\u00f1\u00f3 un instrumento: Chin, Tit\u00edn, Chopa, Chiquito y Rosa, de los cuales Chopa sobresali\u00f3 de muy ni\u00f1o estudiando bandone\u00f3n a sus 9 a\u00f1os ya estaba animando fiestas adultas.<br>Tanto Juan como Chopa vivieron en Jujuy, Salta, Bolivia y Buenos Aires dedicados a la m\u00fasica y ejecutando los sonidos de este hermoso instrumento.<br>El bandone\u00f3n fue creado en Alemania a fines del siglo XIX y desde 1945 no se fabrica m\u00e1s.<br>Hoy contin\u00faan el legado de don Juan Nieva, su nieto Jos\u00e9 \u201cTata\u201d Nieva, su bisnieto \u00d1awi y bisnieta Mayra. La familia Nieva es una familia de bandoneones desde inicios del siglo XX hasta la actualidad<\/p>\n","protected":false},"excerpt":{"rendered":"<p>En el marco de la Noche de los Museos y en el hall del Cine Teatro Select, el m\u00fasico bandoneonista Jos\u00e9 \u201cTata\u201d Nieva compartir\u00e1 un taller sobre el funcionamiento del bandone\u00f3n y tambi\u00e9n una parte de su repertorio musical, este viernes 28 de noviembre a las 21.30 horas.\u201cAncestral\u201d es una muestra fotogr\u00e1fica que viene exponi\u00e9ndose [&hellip;]<\/p>\n","protected":false},"author":7,"featured_media":17803,"comment_status":"open","ping_status":"open","sticky":false,"template":"","format":"standard","meta":{"_themeisle_gutenberg_block_has_review":false,"footnotes":""},"categories":[2714],"tags":[58],"class_list":["post-17801","post","type-post","status-publish","format-standard","has-post-thumbnail","hentry","category-shows-y-eventos","tag-jujuy"],"_links":{"self":[{"href":"https:\/\/horapicodigital.com.ar\/index.php\/wp-json\/wp\/v2\/posts\/17801","targetHints":{"allow":["GET"]}}],"collection":[{"href":"https:\/\/horapicodigital.com.ar\/index.php\/wp-json\/wp\/v2\/posts"}],"about":[{"href":"https:\/\/horapicodigital.com.ar\/index.php\/wp-json\/wp\/v2\/types\/post"}],"author":[{"embeddable":true,"href":"https:\/\/horapicodigital.com.ar\/index.php\/wp-json\/wp\/v2\/users\/7"}],"replies":[{"embeddable":true,"href":"https:\/\/horapicodigital.com.ar\/index.php\/wp-json\/wp\/v2\/comments?post=17801"}],"version-history":[{"count":1,"href":"https:\/\/horapicodigital.com.ar\/index.php\/wp-json\/wp\/v2\/posts\/17801\/revisions"}],"predecessor-version":[{"id":17804,"href":"https:\/\/horapicodigital.com.ar\/index.php\/wp-json\/wp\/v2\/posts\/17801\/revisions\/17804"}],"wp:featuredmedia":[{"embeddable":true,"href":"https:\/\/horapicodigital.com.ar\/index.php\/wp-json\/wp\/v2\/media\/17803"}],"wp:attachment":[{"href":"https:\/\/horapicodigital.com.ar\/index.php\/wp-json\/wp\/v2\/media?parent=17801"}],"wp:term":[{"taxonomy":"category","embeddable":true,"href":"https:\/\/horapicodigital.com.ar\/index.php\/wp-json\/wp\/v2\/categories?post=17801"},{"taxonomy":"post_tag","embeddable":true,"href":"https:\/\/horapicodigital.com.ar\/index.php\/wp-json\/wp\/v2\/tags?post=17801"}],"curies":[{"name":"wp","href":"https:\/\/api.w.org\/{rel}","templated":true}]}}