{"id":17792,"date":"2025-11-28T09:01:44","date_gmt":"2025-11-28T12:01:44","guid":{"rendered":"https:\/\/horapicodigital.com.ar\/?p=17792"},"modified":"2025-11-28T09:01:45","modified_gmt":"2025-11-28T12:01:45","slug":"la-afa-suspendio-a-juan-sebastian-veron-por-6-meses-y-sanciono-a-11-jugadores-de-estudiantes","status":"publish","type":"post","link":"https:\/\/horapicodigital.com.ar\/index.php\/2025\/11\/28\/la-afa-suspendio-a-juan-sebastian-veron-por-6-meses-y-sanciono-a-11-jugadores-de-estudiantes\/","title":{"rendered":"La AFA suspendi\u00f3 a Juan Sebasti\u00e1n Ver\u00f3n por 6 meses y sancion\u00f3 a 11 jugadores de Estudiantes"},"content":{"rendered":"\n<p>La AFA resolvi\u00f3 suspender al presidente de Estudiantes e imponer sanciones a varios futbolistas tras el gesto de protesta realizado en el pasillo ante Rosario Central.<\/p>\n\n\n\n<p><strong>El Tribunal de Disciplina de la AFA emiti\u00f3 este jueves una resoluci\u00f3n mediante la cual aplic\u00f3 fuertes sanciones\u00a0<\/strong>al presidente de Estudiantes de La Plata, Juan Sebasti\u00e1n Ver\u00f3n, y a los jugadores que participaron del pol\u00e9mico pasillo realizado a Rosario Central en el Gigante de Arroyito.<\/p>\n\n\n\n<h2 class=\"wp-block-heading\"><strong>Las sanciones de la AFA<\/strong><\/h2>\n\n\n\n<p>Seg\u00fan el documento oficial, el organismo dispuso:<\/p>\n\n\n\n<h3 class=\"wp-block-heading\"><strong>1. Suspensi\u00f3n de 6 meses para Ver\u00f3n<\/strong><\/h3>\n\n\n\n<p>El presidente del club fue sancionado con seis meses de suspensi\u00f3n para toda actividad relacionada con el f\u00fatbol (art. 12 del C\u00f3digo Disciplinario). La medida se vincula con su rol en la decisi\u00f3n de que el plantel diera la espalda al campe\u00f3n durante el pasillo.<\/p>\n\n\n\n<h3 class=\"wp-block-heading\"><strong>2. Dos fechas de suspensi\u00f3n para los jugadores<\/strong><\/h3>\n\n\n\n<p>Varios futbolistas recibieron dos fechas de suspensi\u00f3n por su conducta durante el homenaje obligatorio. Entre ellos se encuentran:<\/p>\n\n\n\n<ul class=\"wp-block-list\">\n<li>Muslera Micol N\u00e9stor Fernando<\/li>\n\n\n\n<li>G\u00f3mez Rom\u00e1n Agust\u00edn<\/li>\n\n\n\n<li>N\u00fa\u00f1ez Santiago Misael<\/li>\n\n\n\n<li>Palacios Tiago Asael<\/li>\n\n\n\n<li>Far\u00edas Facundo Hern\u00e1n<\/li>\n\n\n\n<li>Gonz\u00e1lez P\u00edrez Leandro Mart\u00edn<\/li>\n\n\n\n<li>Arzamendia Santiago Daniel<\/li>\n\n\n\n<li>Cetre Angulo Edwuin Stiven<\/li>\n\n\n\n<li>Piovi Lucas Ezequiel<\/li>\n\n\n\n<li>Medina Cristian Nicol\u00e1s<\/li>\n\n\n\n<li>Amondarain Mikel Jes\u00fas<\/li>\n<\/ul>\n\n\n\n<p><strong>Las sanciones se aplicar\u00e1n en el pr\u00f3ximo torneo oficial, sobre partidos efectivamente disputados por el equipo.<\/strong><\/p>\n\n\n\n<h3 class=\"wp-block-heading\"><strong>3. Prohibici\u00f3n para el capit\u00e1n<\/strong><\/h3>\n\n\n\n<p>Adem\u00e1s de las dos fechas, el jugador Santiago N\u00fa\u00f1ez fue sancionado con&nbsp;<strong>tres meses sin poder ejercer la capitan\u00eda<\/strong>&nbsp;del equipo.<\/p>\n\n\n\n<h2 class=\"wp-block-heading\"><strong>C\u00f3mo se origin\u00f3 el conflicto<\/strong><\/h2>\n\n\n\n<p>El jueves pasado, Rosario Central fue designado por la Liga Profesional y la AFA como campe\u00f3n de la liga anual 2025, por haber sido el equipo con m\u00e1s puntos en la sumatoria de la Fase Regular del Apertura y del Clausura. La consagraci\u00f3n gener\u00f3 controversia, ya que la definici\u00f3n no hab\u00eda sido anunciada antes del inicio de la temporada.<\/p>\n\n\n\n<p>Antes del encuentro por los octavos de final del Clausura entre Central y Estudiantes, la Liga orden\u00f3 realizar el pasillo de campe\u00f3n. Sin embargo, los jugadores del Pincha&nbsp;<strong>se dieron vuelta y le dieron la espalda al equipo rosarino<\/strong>, un gesto que fue interpretado como una protesta y cuya idea \u2014seg\u00fan trascendi\u00f3\u2014 habr\u00eda sido impulsada por Ver\u00f3n.<\/p>\n\n\n\n<p>El episodio, ampliamente difundido, gener\u00f3 reacciones divididas: desde cr\u00edticas de figuras como Oscar Ruggeri hasta el respaldo del presidente Javier Milei, quien public\u00f3 un mensaje de apoyo en redes sociales.<\/p>\n\n\n\n<p><strong>Respuesta de las autoridades y desarrollo posterior<\/strong><\/p>\n\n\n\n<p>Tras el pasillo, el Tribunal de Disciplina abri\u00f3 un expediente de oficio, solicit\u00f3 descargos al club, a Ver\u00f3n y al capit\u00e1n, y este mi\u00e9rcoles emiti\u00f3 la resoluci\u00f3n final.<\/p>\n\n\n\n<p>En paralelo, el presidente de la AFA, Claudio \u201cChiqui\u201d Tapia, hizo referencia al conflicto durante los Premios Alumni y cuestion\u00f3 indirectamente la postura del club platense, se\u00f1alando que \u201chay algunos que se olvidan\u201d de c\u00f3mo lograron clasificarse.<\/p>\n\n\n\n<p>El caso sigue generando repercusiones deportivas y pol\u00edticas, mientras Estudiantes enfrenta las sanciones de cara al pr\u00f3ximo torneo.<\/p>\n","protected":false},"excerpt":{"rendered":"<p>La AFA resolvi\u00f3 suspender al presidente de Estudiantes e imponer sanciones a varios futbolistas tras el gesto de protesta realizado en el pasillo ante Rosario Central. El Tribunal de Disciplina de la AFA emiti\u00f3 este jueves una resoluci\u00f3n mediante la cual aplic\u00f3 fuertes sanciones\u00a0al presidente de Estudiantes de La Plata, Juan Sebasti\u00e1n Ver\u00f3n, y a [&hellip;]<\/p>\n","protected":false},"author":7,"featured_media":17793,"comment_status":"open","ping_status":"open","sticky":false,"template":"","format":"standard","meta":{"_themeisle_gutenberg_block_has_review":false,"footnotes":""},"categories":[2877],"tags":[16,85],"class_list":["post-17792","post","type-post","status-publish","format-standard","has-post-thumbnail","hentry","category-crimen-y-justicia","tag-deporte","tag-pais"],"_links":{"self":[{"href":"https:\/\/horapicodigital.com.ar\/index.php\/wp-json\/wp\/v2\/posts\/17792","targetHints":{"allow":["GET"]}}],"collection":[{"href":"https:\/\/horapicodigital.com.ar\/index.php\/wp-json\/wp\/v2\/posts"}],"about":[{"href":"https:\/\/horapicodigital.com.ar\/index.php\/wp-json\/wp\/v2\/types\/post"}],"author":[{"embeddable":true,"href":"https:\/\/horapicodigital.com.ar\/index.php\/wp-json\/wp\/v2\/users\/7"}],"replies":[{"embeddable":true,"href":"https:\/\/horapicodigital.com.ar\/index.php\/wp-json\/wp\/v2\/comments?post=17792"}],"version-history":[{"count":1,"href":"https:\/\/horapicodigital.com.ar\/index.php\/wp-json\/wp\/v2\/posts\/17792\/revisions"}],"predecessor-version":[{"id":17794,"href":"https:\/\/horapicodigital.com.ar\/index.php\/wp-json\/wp\/v2\/posts\/17792\/revisions\/17794"}],"wp:featuredmedia":[{"embeddable":true,"href":"https:\/\/horapicodigital.com.ar\/index.php\/wp-json\/wp\/v2\/media\/17793"}],"wp:attachment":[{"href":"https:\/\/horapicodigital.com.ar\/index.php\/wp-json\/wp\/v2\/media?parent=17792"}],"wp:term":[{"taxonomy":"category","embeddable":true,"href":"https:\/\/horapicodigital.com.ar\/index.php\/wp-json\/wp\/v2\/categories?post=17792"},{"taxonomy":"post_tag","embeddable":true,"href":"https:\/\/horapicodigital.com.ar\/index.php\/wp-json\/wp\/v2\/tags?post=17792"}],"curies":[{"name":"wp","href":"https:\/\/api.w.org\/{rel}","templated":true}]}}