{"id":17786,"date":"2025-11-28T08:57:02","date_gmt":"2025-11-28T11:57:02","guid":{"rendered":"https:\/\/horapicodigital.com.ar\/?p=17786"},"modified":"2025-11-28T08:57:02","modified_gmt":"2025-11-28T11:57:02","slug":"apuap-anuncio-un-paro-y-exige-reapertura-de-paritarias","status":"publish","type":"post","link":"https:\/\/horapicodigital.com.ar\/index.php\/2025\/11\/28\/apuap-anuncio-un-paro-y-exige-reapertura-de-paritarias\/","title":{"rendered":"Apuap anunci\u00f3 un paro y exige reapertura de paritarias"},"content":{"rendered":"\n<p>Desde el gremio anticiparon que, de no obtener respuesta del Ejecutivo, profundizar\u00e1n el plan de lucha.<\/p>\n\n\n\n<p>EMILIANO SAAVEDRA<\/p>\n\n\n\n<p>Los profesionales afiliados a la Asociaci\u00f3n de Profesionales Universitarios de la Administraci\u00f3n P\u00fablica (Apuap) realizaron ayer una conferencia de prensa en su sede central para anunciar un paro con asistencia y retiro de los lugares de trabajo para este viernes, que concluir\u00e1 con una concentraci\u00f3n y posible \u00abruidazo\u00bb en plaza Belgrano, en reclamo de la inmediata reapertura de paritarias al Ejecutivo provincial.<\/p>\n\n\n\n<p>La exposici\u00f3n estuvo encabezada por el secretario general, Nicol\u00e1s Fern\u00e1ndez, quien advirti\u00f3 que la medida busca visibilizar la \u00abenorme preocupaci\u00f3n\u00bb del sector frente al anuncio oficial de un cronograma de pagos que, a juicio del gremio, anticipa un cierre unilateral de las negociaciones salariales hacia el 20 de noviembre, con liquidaciones que \u00abincluso se proyectan m\u00e1s all\u00e1 del Carnaval 2026\u00bb. \u00abEs imposible pensar en un cierre de paritarias para afrontar todo lo que implica el fin de a\u00f1o para cualquier trabajador\u00bb, remarc\u00f3 el dirigente.<\/p>\n\n\n\n<p>En ese marco, Fern\u00e1ndez sostuvo que el escenario econ\u00f3mico muestra \u00abdos caras de una misma moneda\u00bb. Por un lado, un aumento significativo de los ingresos provinciales y, por el otro, salarios que no logran recomponer poder adquisitivo. Indic\u00f3 que, seg\u00fan datos expuestos por el sindicato, de septiembre a octubre la Provincia habr\u00eda recibido 11 mil millones de pesos adicionales por coparticipaci\u00f3n; que entre enero y octubre los ingresos por esa v\u00eda crecieron 45,5% interanual; y que, mientras las paritarias del per\u00edodo solo alcanzaron un 24% de actualizaci\u00f3n, la recaudaci\u00f3n provincial se habr\u00eda incrementado en un 66%. \u00abA esto deben sumarse los fondos de noviembre y diciembre, que hist\u00f3ricamente son los meses de mayor ingreso\u00bb, agreg\u00f3.<\/p>\n\n\n\n<p>Para el gremio, ese cuadro contrasta con la realidad de los meses m\u00e1s duros para las familias trabajadoras: posibles picos inflacionarios, mayores gastos por las fiestas, el cierre del a\u00f1o escolar y el inicio del ciclo lectivo. \u00abResulta inaceptable que se pretenda clausurar las paritarias en noviembre\u00bb, sostuvo Fern\u00e1ndez, al tiempo que reclam\u00f3 \u00abun cierre de a\u00f1o digno\u00bb.<\/p>\n\n\n\n<p>A partir de lo resuelto en asamblea, Apuap defini\u00f3 para este viernes un paro con asistencia y retiro de los puestos de trabajo, que derivar\u00e1 en una concentraci\u00f3n en Plaza Belgrano y una medida de \u00abvisualizaci\u00f3n\u00bb para exigir una mesa de di\u00e1logo en diciembre.<\/p>\n\n\n\n<p>Pedidos de audiencia<\/p>\n\n\n\n<p>Por su parte, la secretaria gremial, Ver\u00f3nica Aramayo, inform\u00f3 que el sindicato present\u00f3 el noveno pedido de audiencia al gobernador Carlos Sadir desde que inici\u00f3 su gesti\u00f3n. \u00abNo fuimos escuchados. En un sistema republicano y democr\u00e1tico, las autoridades deben atender a una ciudadan\u00eda organizada que defiende derechos\u00bb, afirm\u00f3. Adem\u00e1s, se\u00f1al\u00f3 que el gremio lleva al gobernador una serie de reclamos vinculados a la crisis del sector profesional, junto con propuestas para superarla. \u00abEs necesario que antes de que termine el a\u00f1o nos reciba como sector\u00bb, subray\u00f3.<\/p>\n\n\n\n<p>En tanto, el secretario adjunto, Jos\u00e9 Cosentini, record\u00f3 que el \u00faltimo ofrecimiento salarial fue considerado \u00abinsuficiente\u00bb por la asamblea. \u00abNos preguntamos d\u00f3nde est\u00e1 el super\u00e1vit del que habl\u00f3 el gobernador. Solo pedimos que el salario de nuestro escalaf\u00f3n se acerque a la canasta b\u00e1sica y deje de ubicarnos en niveles de pobreza\u00bb, afirm\u00f3.<\/p>\n\n\n\n<p>Desde Apuap anticiparon que, de no obtener respuesta del Ejecutivo, profundizar\u00e1n el plan de lucha y continuar\u00e1n consultando a sus bases para definir nuevas acciones en defensa del salario y las condiciones de trabajo.<\/p>\n","protected":false},"excerpt":{"rendered":"<p>Desde el gremio anticiparon que, de no obtener respuesta del Ejecutivo, profundizar\u00e1n el plan de lucha. EMILIANO SAAVEDRA Los profesionales afiliados a la Asociaci\u00f3n de Profesionales Universitarios de la Administraci\u00f3n P\u00fablica (Apuap) realizaron ayer una conferencia de prensa en su sede central para anunciar un paro con asistencia y retiro de los lugares de trabajo [&hellip;]<\/p>\n","protected":false},"author":7,"featured_media":17787,"comment_status":"open","ping_status":"open","sticky":false,"template":"","format":"standard","meta":{"_themeisle_gutenberg_block_has_review":false,"footnotes":""},"categories":[248],"tags":[58],"class_list":["post-17786","post","type-post","status-publish","format-standard","has-post-thumbnail","hentry","category-educacion","tag-jujuy"],"_links":{"self":[{"href":"https:\/\/horapicodigital.com.ar\/index.php\/wp-json\/wp\/v2\/posts\/17786","targetHints":{"allow":["GET"]}}],"collection":[{"href":"https:\/\/horapicodigital.com.ar\/index.php\/wp-json\/wp\/v2\/posts"}],"about":[{"href":"https:\/\/horapicodigital.com.ar\/index.php\/wp-json\/wp\/v2\/types\/post"}],"author":[{"embeddable":true,"href":"https:\/\/horapicodigital.com.ar\/index.php\/wp-json\/wp\/v2\/users\/7"}],"replies":[{"embeddable":true,"href":"https:\/\/horapicodigital.com.ar\/index.php\/wp-json\/wp\/v2\/comments?post=17786"}],"version-history":[{"count":1,"href":"https:\/\/horapicodigital.com.ar\/index.php\/wp-json\/wp\/v2\/posts\/17786\/revisions"}],"predecessor-version":[{"id":17788,"href":"https:\/\/horapicodigital.com.ar\/index.php\/wp-json\/wp\/v2\/posts\/17786\/revisions\/17788"}],"wp:featuredmedia":[{"embeddable":true,"href":"https:\/\/horapicodigital.com.ar\/index.php\/wp-json\/wp\/v2\/media\/17787"}],"wp:attachment":[{"href":"https:\/\/horapicodigital.com.ar\/index.php\/wp-json\/wp\/v2\/media?parent=17786"}],"wp:term":[{"taxonomy":"category","embeddable":true,"href":"https:\/\/horapicodigital.com.ar\/index.php\/wp-json\/wp\/v2\/categories?post=17786"},{"taxonomy":"post_tag","embeddable":true,"href":"https:\/\/horapicodigital.com.ar\/index.php\/wp-json\/wp\/v2\/tags?post=17786"}],"curies":[{"name":"wp","href":"https:\/\/api.w.org\/{rel}","templated":true}]}}