{"id":17772,"date":"2025-11-28T08:36:19","date_gmt":"2025-11-28T11:36:19","guid":{"rendered":"https:\/\/horapicodigital.com.ar\/?p=17772"},"modified":"2025-11-28T08:36:20","modified_gmt":"2025-11-28T11:36:20","slug":"el-carmen-promueven-el-buen-trato-y-los-vinculos-saludables","status":"publish","type":"post","link":"https:\/\/horapicodigital.com.ar\/index.php\/2025\/11\/28\/el-carmen-promueven-el-buen-trato-y-los-vinculos-saludables\/","title":{"rendered":"El Carmen: promueven el buen trato y los v\u00ednculos saludables"},"content":{"rendered":"\n<p>En la jornada se compartieron actividades recreativas, art\u00edsticas y musicales que fomentan la empat\u00eda y la construcci\u00f3n de espacios seguros dentro de la comunidad.<\/p>\n\n\n\n<p>Se desarroll\u00f3 en la Ciudad de El Carmen un nuevo encuentro del programa \u00abSembrando\u00a0<strong>Buen Trato<\/strong>\u00bb encabezado por la Presidenta del Consejo Provincial de Mujeres, la Igualdad de G\u00e9nero y el respeto a las Diversidades, Lourdes Navarro, junto al Intendente V\u00edctor Gonz\u00e1lez.<\/p>\n\n\n\n<p>La Kerm\u00e9s \u201cSembrando Buen Trato\u201d se organiza desde la Direcci\u00f3n de Pol\u00edticas Culturales y Comunicaci\u00f3n y la Coordinaci\u00f3n de los Centros de Atenci\u00f3n a Mujeres en Situaci\u00f3n de Violencia. Esta propuesta, combin\u00f3 informaci\u00f3n, participaci\u00f3n y actividades orientadas a la promoci\u00f3n de v\u00ednculos respetuosos.<\/p>\n\n\n\n<p>En la oportunidad, se instal\u00f3 un stand donde se brind\u00f3 informaci\u00f3n a los vecinos sobre los Centros de Atenci\u00f3n a Mujeres en Situaci\u00f3n de Violencia que funcionan en la provincia, la modalidad de atenci\u00f3n, el acompa\u00f1amiento a mujeres y personas de la diversidad durante el proceso, etc.<\/p>\n\n\n\n<p>Los 19 dispositivos est\u00e1n integrados por profesionales del trabajo social y la psicolog\u00eda, servicios que se brindan de manera gratuita igual que el asesoramiento legal.&nbsp;<\/p>\n\n\n\n<p>Adem\u00e1s, en la jornada se compartieron actividades recreativas, art\u00edsticas y musicales que fomentan la empat\u00eda, el buen trato y la construcci\u00f3n de espacios seguros dentro de la comunidad.&nbsp;<\/p>\n\n\n\n<p>El encuentro cont\u00f3 con la presencia del Director Provincial de Pol\u00edticas Culturales y Comunicaci\u00f3n, Franco Dorado; la Coordinadora de Promoci\u00f3n de Derechos de las Mujeres y la Diversidad, Victoria Zerpa; la Coordinadora de los Centros de Atenci\u00f3n Integral a Mujeres en Situaci\u00f3n de Violencia, Gabriela Salinas; y Daniela Yazlle, del equipo t\u00e9cnico.&nbsp;<\/p>\n\n\n\n<p>Desde el Consejo Provincial de Mujeres se agradeci\u00f3 al Intendente de la Municipalidad de El Carmen y a la referente del \u00c1rea de G\u00e9nero, Cintia D\u00edaz, por sumarse y acompa\u00f1ar est\u00e1 propuesta fortaleciendo espacios de cuidado y respeto.<\/p>\n","protected":false},"excerpt":{"rendered":"<p>En la jornada se compartieron actividades recreativas, art\u00edsticas y musicales que fomentan la empat\u00eda y la construcci\u00f3n de espacios seguros dentro de la comunidad. Se desarroll\u00f3 en la Ciudad de El Carmen un nuevo encuentro del programa \u00abSembrando\u00a0Buen Trato\u00bb encabezado por la Presidenta del Consejo Provincial de Mujeres, la Igualdad de G\u00e9nero y el respeto [&hellip;]<\/p>\n","protected":false},"author":7,"featured_media":17773,"comment_status":"open","ping_status":"open","sticky":false,"template":"","format":"standard","meta":{"_themeisle_gutenberg_block_has_review":false,"footnotes":""},"categories":[2714],"tags":[58],"class_list":["post-17772","post","type-post","status-publish","format-standard","has-post-thumbnail","hentry","category-shows-y-eventos","tag-jujuy"],"_links":{"self":[{"href":"https:\/\/horapicodigital.com.ar\/index.php\/wp-json\/wp\/v2\/posts\/17772","targetHints":{"allow":["GET"]}}],"collection":[{"href":"https:\/\/horapicodigital.com.ar\/index.php\/wp-json\/wp\/v2\/posts"}],"about":[{"href":"https:\/\/horapicodigital.com.ar\/index.php\/wp-json\/wp\/v2\/types\/post"}],"author":[{"embeddable":true,"href":"https:\/\/horapicodigital.com.ar\/index.php\/wp-json\/wp\/v2\/users\/7"}],"replies":[{"embeddable":true,"href":"https:\/\/horapicodigital.com.ar\/index.php\/wp-json\/wp\/v2\/comments?post=17772"}],"version-history":[{"count":1,"href":"https:\/\/horapicodigital.com.ar\/index.php\/wp-json\/wp\/v2\/posts\/17772\/revisions"}],"predecessor-version":[{"id":17774,"href":"https:\/\/horapicodigital.com.ar\/index.php\/wp-json\/wp\/v2\/posts\/17772\/revisions\/17774"}],"wp:featuredmedia":[{"embeddable":true,"href":"https:\/\/horapicodigital.com.ar\/index.php\/wp-json\/wp\/v2\/media\/17773"}],"wp:attachment":[{"href":"https:\/\/horapicodigital.com.ar\/index.php\/wp-json\/wp\/v2\/media?parent=17772"}],"wp:term":[{"taxonomy":"category","embeddable":true,"href":"https:\/\/horapicodigital.com.ar\/index.php\/wp-json\/wp\/v2\/categories?post=17772"},{"taxonomy":"post_tag","embeddable":true,"href":"https:\/\/horapicodigital.com.ar\/index.php\/wp-json\/wp\/v2\/tags?post=17772"}],"curies":[{"name":"wp","href":"https:\/\/api.w.org\/{rel}","templated":true}]}}