{"id":17756,"date":"2025-11-27T08:11:37","date_gmt":"2025-11-27T11:11:37","guid":{"rendered":"https:\/\/horapicodigital.com.ar\/?p=17756"},"modified":"2025-11-27T08:11:38","modified_gmt":"2025-11-27T11:11:38","slug":"inician-las-preinscripciones-para-el-ingreso-a-carreras-de-educacion-superior-2026","status":"publish","type":"post","link":"https:\/\/horapicodigital.com.ar\/index.php\/2025\/11\/27\/inician-las-preinscripciones-para-el-ingreso-a-carreras-de-educacion-superior-2026\/","title":{"rendered":"Inician las preinscripciones para el ingreso a carreras de Educaci\u00f3n Superior 2026"},"content":{"rendered":"\n<p>Desde Educaci\u00f3n informaron los pasos y plazos que deber\u00e1n cumplir los aspirantes a carreras terciarias en Jujuy.<\/p>\n\n\n\n<p>El Ministerio de Educaci\u00f3n anunci\u00f3 la apertura del proceso de&nbsp;<strong>preinscripci\u00f3n para aspirantes a carreras del Nivel Superior en los Institutos de Educaci\u00f3n Superior (IES)&nbsp;<\/strong>de gesti\u00f3n estatal de Jujuy, correspondiente al Ciclo Lectivo 2026.<\/p>\n\n\n\n<p>La creaci\u00f3n del usuario en&nbsp;<a href=\"https:\/\/nexo.jujuy.edu.ar\/\"><strong>nexo.jujuy.edu.ar<\/strong><\/a>&nbsp;ya se encuentra habilitada para todos los interesados. En tanto, el&nbsp;<strong>formulario virtual de preinscripci\u00f3n<\/strong>&nbsp;estar\u00e1 disponible desde el&nbsp;<strong>15 de diciembre de 2025 a las 00:00<\/strong>&nbsp;hasta el&nbsp;<strong>29 de diciembre a las 15:00<\/strong>.<\/p>\n\n\n\n<p>Desde la cartera educativa aclararon que en esta etapa&nbsp;<strong>no hay cupos por carrera<\/strong>, ni se limita la cantidad de ofertas educativas a las que una persona puede anotarse.<\/p>\n\n\n\n<h3 class=\"wp-block-heading\"><strong>Confirmaci\u00f3n presencial obligatoria<\/strong><\/h3>\n\n\n\n<p>Una vez completado el formulario digital, los aspirantes deber\u00e1n presentar la documentaci\u00f3n correspondiente&nbsp;<strong>de manera presencial<\/strong>&nbsp;en el IES elegido para confirmar la inscripci\u00f3n.<\/p>\n\n\n\n<p>Quienes no realicen este paso dentro de los plazos establecidos perder\u00e1n la preinscripci\u00f3n realizada.<\/p>\n\n\n\n<p><strong>Documentaci\u00f3n requerida (hasta el 29\/12\/2025):<\/strong><\/p>\n\n\n\n<ul class=\"wp-block-list\">\n<li>Fotocopia simple del DNI.<\/li>\n\n\n\n<li>Fotocopia simple del t\u00edtulo secundario o constancia de finalizaci\u00f3n del nivel.<\/li>\n<\/ul>\n\n\n\n<h3 class=\"wp-block-heading\">Cursillo obligatorio y orden de m\u00e9rito<\/h3>\n\n\n\n<p>La confirmaci\u00f3n permitir\u00e1 participar del&nbsp;<strong>Cursillo de Ingreso Obligatorio<\/strong>, que se dictar\u00e1 del&nbsp;<strong>23 de febrero al 20 de marzo de 2026<\/strong>, en modalidad presencial o virtual seg\u00fan la organizaci\u00f3n de cada instituto.<\/p>\n\n\n\n<p>En los casos en que el cursillo sea virtual, los contenidos y actividades se desarrollar\u00e1n a trav\u00e9s del&nbsp;<strong>Campus Virtual<\/strong>, administrado por los docentes responsables.<\/p>\n\n\n\n<p>Al finalizar, todos los aspirantes deber\u00e1n rendir una&nbsp;<strong>evaluaci\u00f3n final presencial y obligatoria<\/strong>, cuyo resultado establecer\u00e1 el&nbsp;<strong>Orden de M\u00e9rito<\/strong>, \u00fanico criterio de ingreso, sujeto adem\u00e1s a los cupos disponibles en cada IES.<\/p>\n\n\n\n<p>Quienes deseen consultar la<strong>\u00a0oferta completa de carreras de Nivel Superior<\/strong>\u00a0pueden hacerlo ingresando a:<br><strong>campusvirtual.jujuy.edu.ar\/expo-educativa-provincial\/<\/strong><\/p>\n","protected":false},"excerpt":{"rendered":"<p>Desde Educaci\u00f3n informaron los pasos y plazos que deber\u00e1n cumplir los aspirantes a carreras terciarias en Jujuy. El Ministerio de Educaci\u00f3n anunci\u00f3 la apertura del proceso de&nbsp;preinscripci\u00f3n para aspirantes a carreras del Nivel Superior en los Institutos de Educaci\u00f3n Superior (IES)&nbsp;de gesti\u00f3n estatal de Jujuy, correspondiente al Ciclo Lectivo 2026. La creaci\u00f3n del usuario en&nbsp;nexo.jujuy.edu.ar&nbsp;ya [&hellip;]<\/p>\n","protected":false},"author":7,"featured_media":17757,"comment_status":"open","ping_status":"open","sticky":false,"template":"","format":"standard","meta":{"_themeisle_gutenberg_block_has_review":false,"footnotes":""},"categories":[248],"tags":[58],"class_list":["post-17756","post","type-post","status-publish","format-standard","has-post-thumbnail","hentry","category-educacion","tag-jujuy"],"_links":{"self":[{"href":"https:\/\/horapicodigital.com.ar\/index.php\/wp-json\/wp\/v2\/posts\/17756","targetHints":{"allow":["GET"]}}],"collection":[{"href":"https:\/\/horapicodigital.com.ar\/index.php\/wp-json\/wp\/v2\/posts"}],"about":[{"href":"https:\/\/horapicodigital.com.ar\/index.php\/wp-json\/wp\/v2\/types\/post"}],"author":[{"embeddable":true,"href":"https:\/\/horapicodigital.com.ar\/index.php\/wp-json\/wp\/v2\/users\/7"}],"replies":[{"embeddable":true,"href":"https:\/\/horapicodigital.com.ar\/index.php\/wp-json\/wp\/v2\/comments?post=17756"}],"version-history":[{"count":1,"href":"https:\/\/horapicodigital.com.ar\/index.php\/wp-json\/wp\/v2\/posts\/17756\/revisions"}],"predecessor-version":[{"id":17758,"href":"https:\/\/horapicodigital.com.ar\/index.php\/wp-json\/wp\/v2\/posts\/17756\/revisions\/17758"}],"wp:featuredmedia":[{"embeddable":true,"href":"https:\/\/horapicodigital.com.ar\/index.php\/wp-json\/wp\/v2\/media\/17757"}],"wp:attachment":[{"href":"https:\/\/horapicodigital.com.ar\/index.php\/wp-json\/wp\/v2\/media?parent=17756"}],"wp:term":[{"taxonomy":"category","embeddable":true,"href":"https:\/\/horapicodigital.com.ar\/index.php\/wp-json\/wp\/v2\/categories?post=17756"},{"taxonomy":"post_tag","embeddable":true,"href":"https:\/\/horapicodigital.com.ar\/index.php\/wp-json\/wp\/v2\/tags?post=17756"}],"curies":[{"name":"wp","href":"https:\/\/api.w.org\/{rel}","templated":true}]}}