{"id":17733,"date":"2025-11-26T09:49:15","date_gmt":"2025-11-26T12:49:15","guid":{"rendered":"https:\/\/horapicodigital.com.ar\/?p=17733"},"modified":"2025-11-26T09:49:16","modified_gmt":"2025-11-26T12:49:16","slug":"ocho-jujenos-en-seguimiento-epidemiologico-por-el-sarampion-en-argentina","status":"publish","type":"post","link":"https:\/\/horapicodigital.com.ar\/index.php\/2025\/11\/26\/ocho-jujenos-en-seguimiento-epidemiologico-por-el-sarampion-en-argentina\/","title":{"rendered":"Ocho juje\u00f1os en seguimiento epidemiol\u00f3gico por el sarampi\u00f3n en Argentina"},"content":{"rendered":"\n<p>Ocho juje\u00f1os quedaron bajo control epidemiol\u00f3gico tras el paso de viajeros uruguayos que tuvieron sarampi\u00f3n y cruzaron el pa\u00eds desde Bolivia.<\/p>\n\n\n\n<p>El Ministerio de Salud de la Naci\u00f3n emiti\u00f3 una alerta epidemiol\u00f3gica luego de confirmar<strong>\u00a0cuatro casos de sarampi\u00f3n en ciudadanos uruguayos que regresaban de Bolivia y atravesaron Argentina entre el 13 y el 16 de noviembre.\u00a0<\/strong>Durante ese trayecto hubo numerosas paradas, entre ellas varias terminales y localidades de Jujuy. En la provincia hay ocho personas identificadas que compartieron viaje o espacio con el grupo y est\u00e1n bajo seguimiento sanitario. No presentan s\u00edntomas y cumplen control preventivo.<\/p>\n\n\n\n<h2 class=\"wp-block-heading\"><strong>Seguimiento en Jujuy: ocho personas en observaci\u00f3n<\/strong><\/h2>\n\n\n\n<p><strong>En Jujuy se identific\u00f3 a cinco hombres y tres mujeres.\u00a0<\/strong>Son mayores de edad y pertenecen a Fraile Pintado, Caimancito, San Pedro y El Carmen. Se encuentran geolocalizadas y bajo supervisi\u00f3n epidemiol\u00f3gica.<\/p>\n\n\n\n<p>La vigilancia se mantiene desde el momento de la alerta nacional y continuar\u00e1 durante el periodo de incubaci\u00f3n de la enfermedad, estimado en quince d\u00edas. Ninguna presenta fiebre, erupci\u00f3n o s\u00edntomas compatibles, pero se monitorea su evoluci\u00f3n d\u00eda por d\u00eda.<\/p>\n\n\n\n<p>El trayecto de los viajeros uruguayos incluy\u00f3 puntos con alta circulaci\u00f3n de personas y tr\u00e1nsito sostenido. Entre los lugares registrados est\u00e1n Yuto, Caimancito Pueblo, Calilegua, Fraile Pintado, Chalic\u00e1n, y las terminales de Libertador, San Pedro, San Salvador, Palpal\u00e1 y Perico.<\/p>\n\n\n\n<p>El criterio sanitario aclara que no es necesario un contacto directo. Basta con compartir aire en espacios cerrados o entornos con circulaci\u00f3n de part\u00edculas respiratorias.<\/p>\n\n\n\n<h2 class=\"wp-block-heading\"><strong>Escenario nacional y regional del sarampi\u00f3n<\/strong><\/h2>\n\n\n\n<p>En Argentina ya se confirmaron 35 casos durante el a\u00f1o. Si bien el pa\u00eds mantiene la eliminaci\u00f3n de circulaci\u00f3n end\u00e9mica desde el a\u00f1o 2000, la presencia de viajeros infectados gener\u00f3 un refuerzo preventivo y vigilancia activa.<\/p>\n\n\n\n<p>En la regi\u00f3n se superaron los 11.000 casos confirmados, con fuerte presencia en Bolivia, M\u00e9xico, Canad\u00e1, Paraguay, Per\u00fa y Brasil. La Organizaci\u00f3n Mundial de la Salud se\u00f1ala que la mayor\u00eda corresponde a personas sin esquema de vacunaci\u00f3n.<\/p>\n\n\n\n<h2 class=\"wp-block-heading\"><strong>Riesgo en ni\u00f1os<\/strong><\/h2>\n\n\n\n<p><strong>El sarampi\u00f3n puede ser mortal en ni\u00f1os peque\u00f1os.\u00a0<\/strong>Por eso la recomendaci\u00f3n sanitaria sostiene que deben recibir la vacuna obligatoria al a\u00f1o de vida y luego a los cinco a\u00f1os.<\/p>\n\n\n\n<p>Jujuy alcanza un 85% de cobertura de vacunaci\u00f3n, con proyecci\u00f3n de llegar al 95%. Ese nivel est\u00e1 por encima de la media nacional y ayuda a sostener la protecci\u00f3n comunitaria.<\/p>\n\n\n\n<h2 class=\"wp-block-heading\"><strong>Qu\u00e9 mirar y cu\u00e1ndo consultar<\/strong><\/h2>\n\n\n\n<p>Las se\u00f1ales m\u00e1s frecuentes incluyen fiebre alta, erupci\u00f3n rojiza en la piel, conjuntivitis, decaimiento, tos seca y secreci\u00f3n nasal.<\/p>\n\n\n\n<p>Ante cualquier s\u00edntoma sugerente, se solicita concurrir a un centro de salud con barbijo y avisar si estuvo en transporte p\u00fablico o en terminales durante las fechas del viaje de riesgo.<\/p>\n\n\n\n<p><\/p>\n","protected":false},"excerpt":{"rendered":"<p>Ocho juje\u00f1os quedaron bajo control epidemiol\u00f3gico tras el paso de viajeros uruguayos que tuvieron sarampi\u00f3n y cruzaron el pa\u00eds desde Bolivia. El Ministerio de Salud de la Naci\u00f3n emiti\u00f3 una alerta epidemiol\u00f3gica luego de confirmar\u00a0cuatro casos de sarampi\u00f3n en ciudadanos uruguayos que regresaban de Bolivia y atravesaron Argentina entre el 13 y el 16 de [&hellip;]<\/p>\n","protected":false},"author":7,"featured_media":17734,"comment_status":"open","ping_status":"open","sticky":false,"template":"","format":"standard","meta":{"_themeisle_gutenberg_block_has_review":false,"footnotes":""},"categories":[11,118],"tags":[58],"class_list":["post-17733","post","type-post","status-publish","format-standard","has-post-thumbnail","hentry","category-salud","category-sociedad","tag-jujuy"],"_links":{"self":[{"href":"https:\/\/horapicodigital.com.ar\/index.php\/wp-json\/wp\/v2\/posts\/17733","targetHints":{"allow":["GET"]}}],"collection":[{"href":"https:\/\/horapicodigital.com.ar\/index.php\/wp-json\/wp\/v2\/posts"}],"about":[{"href":"https:\/\/horapicodigital.com.ar\/index.php\/wp-json\/wp\/v2\/types\/post"}],"author":[{"embeddable":true,"href":"https:\/\/horapicodigital.com.ar\/index.php\/wp-json\/wp\/v2\/users\/7"}],"replies":[{"embeddable":true,"href":"https:\/\/horapicodigital.com.ar\/index.php\/wp-json\/wp\/v2\/comments?post=17733"}],"version-history":[{"count":1,"href":"https:\/\/horapicodigital.com.ar\/index.php\/wp-json\/wp\/v2\/posts\/17733\/revisions"}],"predecessor-version":[{"id":17735,"href":"https:\/\/horapicodigital.com.ar\/index.php\/wp-json\/wp\/v2\/posts\/17733\/revisions\/17735"}],"wp:featuredmedia":[{"embeddable":true,"href":"https:\/\/horapicodigital.com.ar\/index.php\/wp-json\/wp\/v2\/media\/17734"}],"wp:attachment":[{"href":"https:\/\/horapicodigital.com.ar\/index.php\/wp-json\/wp\/v2\/media?parent=17733"}],"wp:term":[{"taxonomy":"category","embeddable":true,"href":"https:\/\/horapicodigital.com.ar\/index.php\/wp-json\/wp\/v2\/categories?post=17733"},{"taxonomy":"post_tag","embeddable":true,"href":"https:\/\/horapicodigital.com.ar\/index.php\/wp-json\/wp\/v2\/tags?post=17733"}],"curies":[{"name":"wp","href":"https:\/\/api.w.org\/{rel}","templated":true}]}}