{"id":17723,"date":"2025-11-25T08:34:48","date_gmt":"2025-11-25T11:34:48","guid":{"rendered":"https:\/\/horapicodigital.com.ar\/?p=17723"},"modified":"2025-11-25T08:34:49","modified_gmt":"2025-11-25T11:34:49","slug":"el-gobierno-seguira-promoviendo-herramientas-para-la-inclusion-deportiva","status":"publish","type":"post","link":"https:\/\/horapicodigital.com.ar\/index.php\/2025\/11\/25\/el-gobierno-seguira-promoviendo-herramientas-para-la-inclusion-deportiva\/","title":{"rendered":"El Gobierno seguir\u00e1 promoviendo herramientas para la inclusi\u00f3n deportiva"},"content":{"rendered":"\n<p>El Gobierno de la provincia, culmin\u00f3 con el desarrollo anual de Liga Provincial Deportiva en la ciudad de Palpal\u00e1, contando con una amplia participaci\u00f3n de 500 atletas de toda la Provincia.<\/p>\n\n\n\n<p>\u00abDesde el lanzamiento de esta liga inclusiva, encabezada por el gobernador, Carlos Sadir y el Ministro de Gobierno, Justicia, Derechos Humanos y Trabajo, Normando \u00c1lvarez Garcia, trazamos un objetivo claro en la contenci\u00f3n, propiciando la cultura deportiva inclusiva hacia todos los municipios, buscando generar y promover oportunidades para todas las personas\u201d, expres\u00f3 Luis Calvetti, secretario de deportes de la Provincia.<\/p>\n\n\n\n<p>De esta manera, resalt\u00f3 el funcionario, que fueron muchas las acciones desarrolladas durante este a\u00f1o, tendientes a concretar los objetivos trazados y que contaron con una muy buena recepci\u00f3n y participaci\u00f3n de la sociedad juje\u00f1a, entre ellas el F\u00fatbol, hockey, bochas, newcom con los adultos mayores, fueron las disciplinas que los atletas juje\u00f1os, pudieron disfrutar a lo largo de la temporada de distintas localidades.<\/p>\n\n\n\n<p>\u00abCon un balance muy positivo, seguiremos apostando al trabajo provincial, recorriendo cada municipio con esta liga, promoviendo asistencia a centros educativos terap\u00e9uticos, fundaciones, entre otras instituciones\u201d, indic\u00f3 Calvetti<\/p>\n\n\n\n<p>Finalmente, el funcionario invit\u00f3 a profesores y referentes del \u00e1rea t\u00e9cnica, de educaci\u00f3n f\u00edsica, kinesiolog\u00eda y del \u00e1rea de la salud a sumarse al Congreso Nacional que se desarrollar\u00e1 el d\u00eda 27 y 28 del presente mes en nuestra provincia. Los interesados pueden contactarse y recabar mas informaci\u00f3n en Secretaria de Deportes\u201d.<\/p>\n\n\n\n<p><\/p>\n","protected":false},"excerpt":{"rendered":"<p>El Gobierno de la provincia, culmin\u00f3 con el desarrollo anual de Liga Provincial Deportiva en la ciudad de Palpal\u00e1, contando con una amplia participaci\u00f3n de 500 atletas de toda la Provincia. \u00abDesde el lanzamiento de esta liga inclusiva, encabezada por el gobernador, Carlos Sadir y el Ministro de Gobierno, Justicia, Derechos Humanos y Trabajo, Normando [&hellip;]<\/p>\n","protected":false},"author":7,"featured_media":17724,"comment_status":"open","ping_status":"open","sticky":false,"template":"","format":"standard","meta":{"_themeisle_gutenberg_block_has_review":false,"footnotes":""},"categories":[2719,10],"tags":[58],"class_list":["post-17723","post","type-post","status-publish","format-standard","has-post-thumbnail","hentry","category-cultura","category-deportes","tag-jujuy"],"_links":{"self":[{"href":"https:\/\/horapicodigital.com.ar\/index.php\/wp-json\/wp\/v2\/posts\/17723","targetHints":{"allow":["GET"]}}],"collection":[{"href":"https:\/\/horapicodigital.com.ar\/index.php\/wp-json\/wp\/v2\/posts"}],"about":[{"href":"https:\/\/horapicodigital.com.ar\/index.php\/wp-json\/wp\/v2\/types\/post"}],"author":[{"embeddable":true,"href":"https:\/\/horapicodigital.com.ar\/index.php\/wp-json\/wp\/v2\/users\/7"}],"replies":[{"embeddable":true,"href":"https:\/\/horapicodigital.com.ar\/index.php\/wp-json\/wp\/v2\/comments?post=17723"}],"version-history":[{"count":1,"href":"https:\/\/horapicodigital.com.ar\/index.php\/wp-json\/wp\/v2\/posts\/17723\/revisions"}],"predecessor-version":[{"id":17725,"href":"https:\/\/horapicodigital.com.ar\/index.php\/wp-json\/wp\/v2\/posts\/17723\/revisions\/17725"}],"wp:featuredmedia":[{"embeddable":true,"href":"https:\/\/horapicodigital.com.ar\/index.php\/wp-json\/wp\/v2\/media\/17724"}],"wp:attachment":[{"href":"https:\/\/horapicodigital.com.ar\/index.php\/wp-json\/wp\/v2\/media?parent=17723"}],"wp:term":[{"taxonomy":"category","embeddable":true,"href":"https:\/\/horapicodigital.com.ar\/index.php\/wp-json\/wp\/v2\/categories?post=17723"},{"taxonomy":"post_tag","embeddable":true,"href":"https:\/\/horapicodigital.com.ar\/index.php\/wp-json\/wp\/v2\/tags?post=17723"}],"curies":[{"name":"wp","href":"https:\/\/api.w.org\/{rel}","templated":true}]}}