{"id":17710,"date":"2025-11-25T08:28:25","date_gmt":"2025-11-25T11:28:25","guid":{"rendered":"https:\/\/horapicodigital.com.ar\/?p=17710"},"modified":"2025-11-25T08:28:25","modified_gmt":"2025-11-25T11:28:25","slug":"encuentran-muertos-a-dos-ancianos-en-una-casa-de-la-quiaca","status":"publish","type":"post","link":"https:\/\/horapicodigital.com.ar\/index.php\/2025\/11\/25\/encuentran-muertos-a-dos-ancianos-en-una-casa-de-la-quiaca\/","title":{"rendered":"Encuentran muertos a dos ancianos en una casa de La Quiaca"},"content":{"rendered":"\n<p>El hallazgo de dos personas mayores sin vida dentro de su casa en La Quiaca gener\u00f3 una intervenci\u00f3n policial.<\/p>\n\n\n\n<p><\/p>\n\n\n\n<p><strong>Dos adultos mayores fueron hallados sin vida dentro de su vivienda en la ciudad de La Quiaca.<\/strong>\u00a0El hecho se conoci\u00f3 d\u00edas atr\u00e1s y deriv\u00f3 en la actuaci\u00f3n de la polic\u00eda y en la intervenci\u00f3n de la Justicia. Los estudios m\u00e9dicos confirmaron que ambos fallecieron por causas naturales, sin se\u00f1ales de violencia ni delito.<\/p>\n\n\n\n<p>Vecinos alertaron a las autoridades tras notar la falta de actividad en el domicilio. Personal policial ingres\u00f3 al lugar y constat\u00f3 el deceso de las dos personas mayores. La primera lectura del hecho despert\u00f3 preocupaci\u00f3n debido a la simultaneidad de las muertes.<\/p>\n\n\n\n<p>La polic\u00eda notific\u00f3 al\u00a0<strong>Ministerio P\u00fablico de la Acusaci\u00f3n<\/strong>\u00a0y se ordenaron estudios de rigor para esclarecer el cuadro.<\/p>\n\n\n\n<h2 class=\"wp-block-heading\"><strong>Confirmaci\u00f3n de los peritos m\u00e9dicos<\/strong><\/h2>\n\n\n\n<p>Los cuerpos fueron analizados en sede forense y se determin\u00f3 que las dos personas fallecieron por causas naturales. Los informes no hallaron signos de da\u00f1o externo ni lesiones. Con esta confirmaci\u00f3n, el expediente judicial fue dado por concluido.<\/p>\n\n\n\n<p>Las autoridades informaron el resultado a los familiares, quienes tomaron a su cargo los tr\u00e1mites funerarios.<\/p>\n\n\n\n<p><\/p>\n","protected":false},"excerpt":{"rendered":"<p>El hallazgo de dos personas mayores sin vida dentro de su casa en La Quiaca gener\u00f3 una intervenci\u00f3n policial. Dos adultos mayores fueron hallados sin vida dentro de su vivienda en la ciudad de La Quiaca.\u00a0El hecho se conoci\u00f3 d\u00edas atr\u00e1s y deriv\u00f3 en la actuaci\u00f3n de la polic\u00eda y en la intervenci\u00f3n de la [&hellip;]<\/p>\n","protected":false},"author":7,"featured_media":17711,"comment_status":"open","ping_status":"open","sticky":false,"template":"","format":"standard","meta":{"_themeisle_gutenberg_block_has_review":false,"footnotes":""},"categories":[34],"tags":[58],"class_list":["post-17710","post","type-post","status-publish","format-standard","has-post-thumbnail","hentry","category-policiales","tag-jujuy"],"_links":{"self":[{"href":"https:\/\/horapicodigital.com.ar\/index.php\/wp-json\/wp\/v2\/posts\/17710","targetHints":{"allow":["GET"]}}],"collection":[{"href":"https:\/\/horapicodigital.com.ar\/index.php\/wp-json\/wp\/v2\/posts"}],"about":[{"href":"https:\/\/horapicodigital.com.ar\/index.php\/wp-json\/wp\/v2\/types\/post"}],"author":[{"embeddable":true,"href":"https:\/\/horapicodigital.com.ar\/index.php\/wp-json\/wp\/v2\/users\/7"}],"replies":[{"embeddable":true,"href":"https:\/\/horapicodigital.com.ar\/index.php\/wp-json\/wp\/v2\/comments?post=17710"}],"version-history":[{"count":1,"href":"https:\/\/horapicodigital.com.ar\/index.php\/wp-json\/wp\/v2\/posts\/17710\/revisions"}],"predecessor-version":[{"id":17712,"href":"https:\/\/horapicodigital.com.ar\/index.php\/wp-json\/wp\/v2\/posts\/17710\/revisions\/17712"}],"wp:featuredmedia":[{"embeddable":true,"href":"https:\/\/horapicodigital.com.ar\/index.php\/wp-json\/wp\/v2\/media\/17711"}],"wp:attachment":[{"href":"https:\/\/horapicodigital.com.ar\/index.php\/wp-json\/wp\/v2\/media?parent=17710"}],"wp:term":[{"taxonomy":"category","embeddable":true,"href":"https:\/\/horapicodigital.com.ar\/index.php\/wp-json\/wp\/v2\/categories?post=17710"},{"taxonomy":"post_tag","embeddable":true,"href":"https:\/\/horapicodigital.com.ar\/index.php\/wp-json\/wp\/v2\/tags?post=17710"}],"curies":[{"name":"wp","href":"https:\/\/api.w.org\/{rel}","templated":true}]}}