{"id":17704,"date":"2025-11-25T08:25:15","date_gmt":"2025-11-25T11:25:15","guid":{"rendered":"https:\/\/horapicodigital.com.ar\/?p=17704"},"modified":"2025-11-25T08:25:16","modified_gmt":"2025-11-25T11:25:16","slug":"a-partir-de-manana-se-confirma-la-inscripcion-a-primer-ano","status":"publish","type":"post","link":"https:\/\/horapicodigital.com.ar\/index.php\/2025\/11\/25\/a-partir-de-manana-se-confirma-la-inscripcion-a-primer-ano\/","title":{"rendered":"\u00a0A\u00a0 partir de ma\u00f1ana se confirma la inscripci\u00f3n a Primer A\u00f1o"},"content":{"rendered":"\n<p>Se extender\u00e1 hasta el jueves. El 2 y 3 de diciembre ser\u00e1 la tercera y \u00faltima etapa de preinscripci\u00f3n.<\/p>\n\n\n\n<p>El Ministerio de Educaci\u00f3n de la Provincia inform\u00f3 que debido al feriado del d\u00eda de hoy se modifica el calendario de confirmaci\u00f3n de inscripci\u00f3n a primer a\u00f1o para aquellos alumnos que fueron beneficiados por un \u201cmomento\u201d en el sorteo realizado la semana pasada.<\/p>\n\n\n\n<p>Esos alumnos a partir de ma\u00f1ana y hasta el jueves podr\u00e1n confirmar la inscripci\u00f3n en el establecimiento asignado.<\/p>\n\n\n\n<p><strong>Deber\u00e1n presentan originales y copias de:<\/strong><\/p>\n\n\n\n<p>Constancia alfanum\u00e9rica de alumno regular de 7\u00ba grado (utilizada para la preinscripci\u00f3n online)<\/p>\n\n\n\n<p>DNI del estudiante<\/p>\n\n\n\n<p>DNI del padre\/madre o tutor.<\/p>\n\n\n\n<p>Partida \/ certificado de nacimiento (no excluyente)<\/p>\n\n\n\n<p>Ficha de salud (no excluyente)<\/p>\n\n\n\n<p><strong>En caso de corresponder<\/strong><\/p>\n\n\n\n<p>Constancia de abanderado\/a<\/p>\n\n\n\n<p>Partida de nacimiento de hermanos o declaraci\u00f3n jurada de filiaci\u00f3n<\/p>\n\n\n\n<p>Certificado \u00danico de Discapacidad (CUD) o Proyecto Pedag\u00f3gico Individual (PPI)<\/p>\n\n\n\n<p>Desde el Ministerio recordaron que no realizaron la inscripci\u00f3n definitiva implica la perdida de la vacante y que la inscripci\u00f3n no est\u00e1 condicionada al pago de la Cooperadora escolar.<\/p>\n\n\n\n<p><strong>Cronograma<\/strong><\/p>\n\n\n\n<p>27 y 28 de noviembre: nuevo relevamiento de vacantes disponibles en todo el sistema.<\/p>\n\n\n\n<p>2 y 3 de diciembre: tercera preinscripci\u00f3n, nuevamente con la opci\u00f3n de elegir hasta dos escuelas.<\/p>\n\n\n\n<p>9 de diciembre: nueva asignaci\u00f3n de \u201cmomentos\u201d para instituciones con sobredemanda.<\/p>\n\n\n\n<p>11 de diciembre: publicaci\u00f3n de vacantes asignadas en esta \u00faltima etapa.<\/p>\n\n\n\n<p>12, 15 y 16 de diciembre:&nbsp;confirmaci\u00f3n final de inscripci\u00f3n&nbsp;con presentaci\u00f3n de la documentaci\u00f3n requerida.<\/p>\n","protected":false},"excerpt":{"rendered":"<p>Se extender\u00e1 hasta el jueves. El 2 y 3 de diciembre ser\u00e1 la tercera y \u00faltima etapa de preinscripci\u00f3n. El Ministerio de Educaci\u00f3n de la Provincia inform\u00f3 que debido al feriado del d\u00eda de hoy se modifica el calendario de confirmaci\u00f3n de inscripci\u00f3n a primer a\u00f1o para aquellos alumnos que fueron beneficiados por un \u201cmomento\u201d [&hellip;]<\/p>\n","protected":false},"author":7,"featured_media":17705,"comment_status":"open","ping_status":"open","sticky":false,"template":"","format":"standard","meta":{"_themeisle_gutenberg_block_has_review":false,"footnotes":""},"categories":[248],"tags":[58],"class_list":["post-17704","post","type-post","status-publish","format-standard","has-post-thumbnail","hentry","category-educacion","tag-jujuy"],"_links":{"self":[{"href":"https:\/\/horapicodigital.com.ar\/index.php\/wp-json\/wp\/v2\/posts\/17704","targetHints":{"allow":["GET"]}}],"collection":[{"href":"https:\/\/horapicodigital.com.ar\/index.php\/wp-json\/wp\/v2\/posts"}],"about":[{"href":"https:\/\/horapicodigital.com.ar\/index.php\/wp-json\/wp\/v2\/types\/post"}],"author":[{"embeddable":true,"href":"https:\/\/horapicodigital.com.ar\/index.php\/wp-json\/wp\/v2\/users\/7"}],"replies":[{"embeddable":true,"href":"https:\/\/horapicodigital.com.ar\/index.php\/wp-json\/wp\/v2\/comments?post=17704"}],"version-history":[{"count":1,"href":"https:\/\/horapicodigital.com.ar\/index.php\/wp-json\/wp\/v2\/posts\/17704\/revisions"}],"predecessor-version":[{"id":17706,"href":"https:\/\/horapicodigital.com.ar\/index.php\/wp-json\/wp\/v2\/posts\/17704\/revisions\/17706"}],"wp:featuredmedia":[{"embeddable":true,"href":"https:\/\/horapicodigital.com.ar\/index.php\/wp-json\/wp\/v2\/media\/17705"}],"wp:attachment":[{"href":"https:\/\/horapicodigital.com.ar\/index.php\/wp-json\/wp\/v2\/media?parent=17704"}],"wp:term":[{"taxonomy":"category","embeddable":true,"href":"https:\/\/horapicodigital.com.ar\/index.php\/wp-json\/wp\/v2\/categories?post=17704"},{"taxonomy":"post_tag","embeddable":true,"href":"https:\/\/horapicodigital.com.ar\/index.php\/wp-json\/wp\/v2\/tags?post=17704"}],"curies":[{"name":"wp","href":"https:\/\/api.w.org\/{rel}","templated":true}]}}