{"id":17690,"date":"2025-11-25T07:20:59","date_gmt":"2025-11-25T10:20:59","guid":{"rendered":"https:\/\/horapicodigital.com.ar\/?p=17690"},"modified":"2025-11-25T07:21:00","modified_gmt":"2025-11-25T10:21:00","slug":"el-ministerio-de-salud-emitio-un-alerta-por-la-circulacion-de-turistas-con-sarampion-en-varias-provincias","status":"publish","type":"post","link":"https:\/\/horapicodigital.com.ar\/index.php\/2025\/11\/25\/el-ministerio-de-salud-emitio-un-alerta-por-la-circulacion-de-turistas-con-sarampion-en-varias-provincias\/","title":{"rendered":"El Ministerio de Salud emiti\u00f3 un alerta por la circulaci\u00f3n de turistas con sarampi\u00f3n en varias provincias"},"content":{"rendered":"\n<p>La cartera sanitaria detall\u00f3 el itinerario de cuatro personas que partieron de Bolivia y confirmaron sus contagios al regresar a Uruguay. C\u00f3mo deben actuar, qui\u00e9nes hayan coincidido con los afectados y presenten s\u00edntomas<\/p>\n\n\n\n<p>El&nbsp;<strong>Ministerio de Salud de la Naci\u00f3n&nbsp;<\/strong>emiti\u00f3 una alerta sanitaria ante la confirmaci\u00f3n de&nbsp;<strong>cuatro casos de&nbsp;<\/strong><a href=\"https:\/\/www.infobae.com\/tag\/sarampion\/\" target=\"_blank\" rel=\"noreferrer noopener\"><em><strong>sarampi\u00f3n<\/strong><\/em><\/a><strong>&nbsp;en residentes de Uruguay que circularon por distintas provincias argentinas<\/strong>&nbsp;tras regresar desde Bolivia, entre el 13 y el 16 de noviembre de 2025.<\/p>\n\n\n\n<p>El sarampi\u00f3n es una enfermedad viral&nbsp;<strong>altamente contagiosa<\/strong>, que&nbsp;<strong>puede transmitirse por el aire y permanecer activa en superficies hasta dos horas<\/strong>. La infecci\u00f3n afecta a personas de cualquier edad y puede resultar grave, en especial en menores de 5 a\u00f1os y personas malnutridas, quienes pueden desarrollar complicaciones respiratorias o neurol\u00f3gicas severas.<\/p>\n\n\n\n<p>Hasta la semana epidemiol\u00f3gica 26 de 2025,\u00a0<strong>Argentina confirm\u00f3 35 casos de sarampi\u00f3n<\/strong>, la mayor\u00eda relacionados de los cuales lo hab\u00edan contra\u00eddo en otros pa\u00edses. A nivel regional, entre la primera y la trig\u00e9sima s\u00e9ptima semana de 2025, la<em>\u00a0regi\u00f3n de las Am\u00e9ricas<\/em>\u00a0notific\u00f3 11.313 casos confirmados. El pa\u00eds mantiene hasta ahora el estatus de eliminaci\u00f3n de la circulaci\u00f3n end\u00e9mica, logrado en el a\u00f1o 2000, dijo la cartera de Salud, aunque la vigilancia epidemiol\u00f3gica se mantiene activa debido a los brotes aislados vinculados con viajeros internacionales y\u00a0<em>falta de vacunaci\u00f3n<\/em>.<\/p>\n\n\n\n<p>El Ministerio enfatiz\u00f3 que&nbsp;<strong>toda persona que haya estado en cualquiera de los siguientes recorridos, independientemente del asiento ocupado o la cantidad de tiempo en los micros, debe estar atenta<\/strong>&nbsp;a la aparici\u00f3n de fiebre alta, manchas rojas en la piel, secreci\u00f3n nasal, conjuntivitis y tos. Si se presentan s\u00edntomas, se recomienda concurrir con barbijo a un centro de salud, informando el antecedente de contacto con un caso confirmado de sarampi\u00f3n.<\/p>\n\n\n\n<h2 class=\"wp-block-heading\"><strong>Lugares de exposici\u00f3n identificados por el Ministerio de Salud<\/strong><\/h2>\n\n\n\n<p>La cartera sanitaria solicita prestar atenci\u00f3n en los siguientes transportes, terminales y paradas, con sus respectivas fechas y horarios por donde pasaron las personas contagiadas:<\/p>\n\n\n\n<p><strong>Empresa Autobuses Quirquincho S.R.L.<\/strong><\/p>\n\n\n\n<ul class=\"wp-block-list\">\n<li>Origen:\u00a0<strong>Santa Cruz de las Sierras, Bolivia<\/strong>\u00a0&#8211; jueves 13 de noviembre de 2025.<\/li>\n\n\n\n<li>Parador Mosconi,\u00a0<strong>Salta<\/strong>\u00a0&#8211; jueves 14 de noviembre (almuerzo).<\/li>\n\n\n\n<li>Parador Rosario de la Frontera,\u00a0<strong>Santiago del Estero<\/strong>\u00a0&#8211; jueves 14 de noviembre (cena).<\/li>\n\n\n\n<li>Parador San Nicol\u00e1s,\u00a0<strong>Buenos Aires<\/strong>\u00a0&#8211; viernes 15 de noviembre (ma\u00f1ana).<\/li>\n\n\n\n<li>Descenso en la\u00a0<strong>estaci\u00f3n de \u00f3mnibus de Liniers<\/strong>\u00a0(Ciudad Aut\u00f3noma de Buenos Aires) &#8211; viernes 15 de noviembre, 12:30.<\/li>\n\n\n\n<li>Fin de recorrido en la\u00a0<strong>terminal de \u00f3mnibus de Retiro<\/strong>\u00a0(Ciudad Aut\u00f3noma de Buenos Aires) &#8211; viernes 15 de noviembre, 13:00.<\/li>\n<\/ul>\n\n\n\n<p><strong>Empresa Balut Hermanos S.R.L.<\/strong><\/p>\n\n\n\n<ul class=\"wp-block-list\">\n<li>Origen:\u00a0<strong>Terminal de Salvador Mazza, Salta<\/strong>\u00a0&#8211; jueves 14 de noviembre de 2025, 11:45.<\/li>\n\n\n\n<li>Parador en\u00a0<strong>Pinto, Santiago del Estero<\/strong>\u00a0&#8211; viernes 15 de noviembre (ma\u00f1ana).<\/li>\n\n\n\n<li>Parador en\u00a0<strong>Totoras, Santa Fe<\/strong>\u00a0&#8211; viernes 15 de noviembre (mediod\u00eda).<\/li>\n<\/ul>\n\n\n\n<p>El Ministerio advierte sobre s\u00edntomas clave como fiebre, manchas rojas y tos en quienes hayan estado expuestos en los itinerarios se\u00f1alados (www.paho.org)<\/p>\n\n\n\n<p><strong>Puntos de ascenso y descenso identificados por este trayecto:<\/strong><\/p>\n\n\n\n<ul class=\"wp-block-list\">\n<li>Provincia de\u00a0<strong>Jujuy<\/strong>:\n<ul class=\"wp-block-list\">\n<li>Terminal Salvador Mazza<\/li>\n\n\n\n<li>Terminal de Tartagal<\/li>\n\n\n\n<li>Terminal de Or\u00e1n<\/li>\n\n\n\n<li>Yuto<\/li>\n\n\n\n<li>Caimancito Pueblo<\/li>\n\n\n\n<li>Calilegua Pueblo<\/li>\n\n\n\n<li>Terminal Libertador General San Mart\u00edn<\/li>\n\n\n\n<li>Fraile Pintado<\/li>\n\n\n\n<li>Chalic\u00e1n Pueblo<\/li>\n\n\n\n<li>Terminal San Pedro de Jujuy<\/li>\n\n\n\n<li>Terminal San Salvador de Jujuy<\/li>\n\n\n\n<li>Terminal de Palpal\u00e1<\/li>\n\n\n\n<li>Terminal de Perico<\/li>\n<\/ul>\n<\/li>\n\n\n\n<li>Provincia de\u00a0<strong>Salta<\/strong>:\n<ul class=\"wp-block-list\">\n<li>Terminal de General G\u00fcemes<\/li>\n\n\n\n<li>Terminal de Met\u00e1n<\/li>\n<\/ul>\n<\/li>\n\n\n\n<li>Provincia de\u00a0<strong>Tucum\u00e1n<\/strong>:\n<ul class=\"wp-block-list\">\n<li>Terminal de San Miguel de Tucum\u00e1n<\/li>\n<\/ul>\n<\/li>\n\n\n\n<li>Provincia de\u00a0<strong>Santiago del Estero<\/strong>:\n<ul class=\"wp-block-list\">\n<li>Terminal Termas de R\u00edo Hondo<\/li>\n\n\n\n<li>Terminal de Santiago del Estero<\/li>\n\n\n\n<li>Parador Pinto<\/li>\n<\/ul>\n<\/li>\n\n\n\n<li>Provincia de\u00a0<strong>Santa Fe<\/strong>:\n<ul class=\"wp-block-list\">\n<li>Terminal de Rafaela<\/li>\n\n\n\n<li>Terminal de Rosario<\/li>\n<\/ul>\n<\/li>\n\n\n\n<li>Provincia de\u00a0<strong>Buenos Aires<\/strong>:\n<ul class=\"wp-block-list\">\n<li>Parada en San Pedro<\/li>\n\n\n\n<li>Terminal de Campana<\/li>\n\n\n\n<li>Parada en ruta sobre Escobar<\/li>\n\n\n\n<li>Terminal El Motivo en Pacheco<\/li>\n<\/ul>\n<\/li>\n\n\n\n<li>Ciudad Aut\u00f3noma de\u00a0<strong>Buenos Aires<\/strong>:\n<ul class=\"wp-block-list\">\n<li>Terminal de Liniers<\/li>\n\n\n\n<li>Terminal Dellepiane<\/li>\n\n\n\n<li>Terminal Retiro<\/li>\n<\/ul>\n<\/li>\n<\/ul>\n\n\n\n<p><strong>Empresa San Jos\u00e9 S.R.L.<\/strong><\/p>\n\n\n\n<ul class=\"wp-block-list\">\n<li>Origen:\u00a0<strong>Terminal de \u00f3mnibus de Retiro<\/strong>\u00a0(Ciudad Aut\u00f3noma de Buenos Aires) &#8211; viernes 15 de noviembre, 21:40.<\/li>\n\n\n\n<li>Paradas en\u00a0<strong>Gualeguaych\u00fa<\/strong>,\u00a0<strong>Concepci\u00f3n del Uruguay<\/strong>,\u00a0<strong>Col\u00f3n<\/strong>,\u00a0<strong>Concordia<\/strong>\u00a0y\u00a0<strong>Federaci\u00f3n<\/strong>\u00a0(Entre R\u00edos; llegada el 16 de noviembre).<\/li>\n<\/ul>\n\n\n\n<p>Este lunes, el ministro de Salud de la provincia de Buenos Aires,&nbsp;<strong>Nicol\u00e1s Kreplak<\/strong>, divulg\u00f3 un mensaje en su cuenta de X (ex Twitter) y precis\u00f3: \u201cNuevo alerta por sarampi\u00f3n en apenas algunas semanas de haber cerrado el brote. Este gobierno de ajuste y ausencia de gesti\u00f3n no se ocupa de sus responsabilidades, ademas de convocar y difundir a encuentros antivacunas en el congreso nacional organizado por sus propios legisladores. De no creer\u201d.<\/p>\n\n\n\n<p>\u201cPor esto y m\u00e1s, este jueves vamos a participar de una jornada llamada por las y los diputados nacionales que integran las comisiones de salud y ciencia y t\u00e9cnica, en rechazo a esa iniciativa, y en respaldo de la vacunaci\u00f3n, la ciencia y poner de plano el negacionismo nacional\u201d, escribi\u00f3 el ministro bonaerense.<\/p>\n\n\n\n<h2 class=\"wp-block-heading\"><strong>Caracter\u00edsticas cl\u00ednicas y prevenci\u00f3n<\/strong><\/h2>\n\n\n\n<p>El sarampi\u00f3n cursa habitualmente con fiebre alta, manchas rojas en la piel, secreci\u00f3n nasal, conjuntivitis y tos. Tambi\u00e9n puede derivar en cuadros graves: neumon\u00eda, convulsiones, meningoencefalitis, ceguera y trastornos degenerativos tard\u00edos. La transmisi\u00f3n ocurre por la dispersi\u00f3n de gotas al toser o estornudar y es posible adquirir la infecci\u00f3n en espacios cerrados o en superficies donde el virus puede persistir dos horas. No existe tratamiento antiviral espec\u00edfico, pero&nbsp;<strong>la vacunaci\u00f3n es la principal herramienta preventiva y se encuentra disponible en el calendario nacional<\/strong>.<\/p>\n\n\n\n<p>Las autoridades reiteran que&nbsp;<strong>quienes no tengan el esquema completo de vacunaci\u00f3n, deben recibir las dosis seg\u00fan el calendario oficial<\/strong>.<\/p>\n\n\n\n<h2 class=\"wp-block-heading\"><strong>Investigaci\u00f3n epidemiol\u00f3gica y evoluci\u00f3n de los casos<\/strong><\/h2>\n\n\n\n<p>Los casos confirmados corresponden a&nbsp;<strong>tres adultos y un menor, todos sin antecedentes de vacunaci\u00f3n<\/strong>, que participaron de actividades sociales en Bolivia y regresaron por v\u00eda terrestre. Los primeros s\u00edntomas surgieron entre el 11 y el 13 de noviembre y las lesiones cut\u00e1neas entre el 15 y el 17.&nbsp;<strong>Todos permanecen cl\u00ednicamente estables<\/strong>, con erupciones y s\u00edntomas respiratorios. Otros tres miembros de la familia permanecen asintom\u00e1ticos. El diagn\u00f3stico se hizo por pruebas serol\u00f3gicas en Uruguay.<\/p>\n\n\n\n<p>El Ministerio inform\u00f3 que 21 de noviembre, la<strong>&nbsp;Direcci\u00f3n de Epidemiolog\u00eda y la Direcci\u00f3n de Control de Enfermedades Inmunoprevenibles<\/strong>&nbsp;iniciaron la investigaci\u00f3n, la identificaci\u00f3n de contactos expuestos y la vigilancia activa, tanto en los transportes como en los sitios de parada. La cartera que conduce Mario Lugones y las jurisdicciones provinciales mantienen las acciones de control y seguimiento de contactos seg\u00fan los datos de los itinerarios monitoreados, agreg\u00f3.<\/p>\n","protected":false},"excerpt":{"rendered":"<p>La cartera sanitaria detall\u00f3 el itinerario de cuatro personas que partieron de Bolivia y confirmaron sus contagios al regresar a Uruguay. C\u00f3mo deben actuar, qui\u00e9nes hayan coincidido con los afectados y presenten s\u00edntomas El&nbsp;Ministerio de Salud de la Naci\u00f3n&nbsp;emiti\u00f3 una alerta sanitaria ante la confirmaci\u00f3n de&nbsp;cuatro casos de&nbsp;sarampi\u00f3n&nbsp;en residentes de Uruguay que circularon por distintas [&hellip;]<\/p>\n","protected":false},"author":7,"featured_media":0,"comment_status":"open","ping_status":"open","sticky":false,"template":"","format":"standard","meta":{"_themeisle_gutenberg_block_has_review":false,"footnotes":""},"categories":[1],"tags":[],"class_list":["post-17690","post","type-post","status-publish","format-standard","hentry","category-uncategorized"],"_links":{"self":[{"href":"https:\/\/horapicodigital.com.ar\/index.php\/wp-json\/wp\/v2\/posts\/17690","targetHints":{"allow":["GET"]}}],"collection":[{"href":"https:\/\/horapicodigital.com.ar\/index.php\/wp-json\/wp\/v2\/posts"}],"about":[{"href":"https:\/\/horapicodigital.com.ar\/index.php\/wp-json\/wp\/v2\/types\/post"}],"author":[{"embeddable":true,"href":"https:\/\/horapicodigital.com.ar\/index.php\/wp-json\/wp\/v2\/users\/7"}],"replies":[{"embeddable":true,"href":"https:\/\/horapicodigital.com.ar\/index.php\/wp-json\/wp\/v2\/comments?post=17690"}],"version-history":[{"count":1,"href":"https:\/\/horapicodigital.com.ar\/index.php\/wp-json\/wp\/v2\/posts\/17690\/revisions"}],"predecessor-version":[{"id":17691,"href":"https:\/\/horapicodigital.com.ar\/index.php\/wp-json\/wp\/v2\/posts\/17690\/revisions\/17691"}],"wp:attachment":[{"href":"https:\/\/horapicodigital.com.ar\/index.php\/wp-json\/wp\/v2\/media?parent=17690"}],"wp:term":[{"taxonomy":"category","embeddable":true,"href":"https:\/\/horapicodigital.com.ar\/index.php\/wp-json\/wp\/v2\/categories?post=17690"},{"taxonomy":"post_tag","embeddable":true,"href":"https:\/\/horapicodigital.com.ar\/index.php\/wp-json\/wp\/v2\/tags?post=17690"}],"curies":[{"name":"wp","href":"https:\/\/api.w.org\/{rel}","templated":true}]}}