{"id":17672,"date":"2025-11-23T08:33:12","date_gmt":"2025-11-23T11:33:12","guid":{"rendered":"https:\/\/horapicodigital.com.ar\/?p=17672"},"modified":"2025-11-23T08:33:12","modified_gmt":"2025-11-23T11:33:12","slug":"ciudad-cultural-motociclista-salio-despedido-tras-chocar-con-una-camioneta","status":"publish","type":"post","link":"https:\/\/horapicodigital.com.ar\/index.php\/2025\/11\/23\/ciudad-cultural-motociclista-salio-despedido-tras-chocar-con-una-camioneta\/","title":{"rendered":"Ciudad Cultural: motociclista sali\u00f3 despedido tras chocar con una camioneta"},"content":{"rendered":"\n<p>Una camioneta y una moto chocaron este s\u00e1bado alrededor de las 18.30 en Ciudad Cultural. El motociclista sali\u00f3 despedido varios metros y fue asistido en el lugar.<\/p>\n\n\n\n<p>Un\u00a0<strong>choque entre una camioneta y una moto<\/strong>\u00a0ocurrido este s\u00e1bado cerca de las 18.30, en\u00a0<strong>Ciudad Cultural<\/strong>, una zona poco transitada donde suelen practicar conductores que est\u00e1n aprendiendo a manejar, dej\u00f3 como saldo a un motociclista asistido en el lugar y una causa abierta para determinar c\u00f3mo se produjo el impacto.<\/p>\n\n\n\n<h2 class=\"wp-block-heading\"><strong>C\u00f3mo fue el\u00a0choque entre una camioneta y la moto<\/strong><\/h2>\n\n\n\n<p>De acuerdo a los primeros datos, tras el choque el conductor de la&nbsp;<strong>moto sali\u00f3 despedido casi 10 metros<\/strong>&nbsp;sobre la calzada. El automovilista descendi\u00f3 de inmediato del veh\u00edculo para asistirlo hasta la llegada de los servicios de emergencia.<\/p>\n\n\n\n<p>Al lugar arribaron personal policial y una ambulancia del&nbsp;<strong>SAME<\/strong>, que evaluaron el estado del motociclista y ordenaron las primeras medidas. En principio, y seg\u00fan las versiones iniciales,&nbsp;<strong>no se habr\u00edan registrado heridas de gravedad<\/strong>, aunque se aguardaban estudios m\u00e1s precisos.<\/p>\n\n\n\n<h2 class=\"wp-block-heading\">Zona de pr\u00e1ctica y causas en investigaci\u00f3n<\/h2>\n\n\n\n<p>Vecinos se\u00f1alaron que se trata de un sector donde&nbsp;<strong>no circulan muchos veh\u00edculos<\/strong>, pero que es utilizado con frecuencia por&nbsp;<strong>conductores nuevos para aprender a manejar<\/strong>, lo que vuelve clave establecer c\u00f3mo se dieron las maniobras previas al impacto.<\/p>\n\n\n\n<p>Por el momento,&nbsp;<strong>no se conocen las causas exactas del choque<\/strong>&nbsp;y el hecho qued\u00f3 caratulado como accidente de tr\u00e1nsito en investigaci\u00f3n, a la espera de peritajes, testimonios y el relevamiento de la escena para reconstruir lo sucedido.<\/p>\n\n\n\n<h2 class=\"wp-block-heading\">En la \u00faltima semana hubo en Jujuy un muerto cada 28 horas por accidentes<\/h2>\n\n\n\n<p>\u00a0pudo acceder al reporte de siniestralidad de la provincia correspondiente al\u00a0<strong>per\u00edodo del 14 al 21 de noviembre,<\/strong>\u00a0en el que se refleja que hubo\u00a0<em><strong>una persona fallecida cada 28 horas<\/strong><\/em>\u00a0en los \u00faltimos siete d\u00edas. En ese lapso, en los\u00a0<strong>72 siniestros viales<\/strong>\u00a0ocurridos se registraron 40 lesionados y 6 personas fallecidas.<\/p>\n\n\n\n<p><\/p>\n","protected":false},"excerpt":{"rendered":"<p>Una camioneta y una moto chocaron este s\u00e1bado alrededor de las 18.30 en Ciudad Cultural. El motociclista sali\u00f3 despedido varios metros y fue asistido en el lugar. Un\u00a0choque entre una camioneta y una moto\u00a0ocurrido este s\u00e1bado cerca de las 18.30, en\u00a0Ciudad Cultural, una zona poco transitada donde suelen practicar conductores que est\u00e1n aprendiendo a manejar, [&hellip;]<\/p>\n","protected":false},"author":7,"featured_media":17673,"comment_status":"open","ping_status":"open","sticky":false,"template":"","format":"standard","meta":{"_themeisle_gutenberg_block_has_review":false,"footnotes":""},"categories":[2797,2877,34],"tags":[58,114],"class_list":["post-17672","post","type-post","status-publish","format-standard","has-post-thumbnail","hentry","category-accidente","category-crimen-y-justicia","category-policiales","tag-jujuy","tag-policiales"],"_links":{"self":[{"href":"https:\/\/horapicodigital.com.ar\/index.php\/wp-json\/wp\/v2\/posts\/17672","targetHints":{"allow":["GET"]}}],"collection":[{"href":"https:\/\/horapicodigital.com.ar\/index.php\/wp-json\/wp\/v2\/posts"}],"about":[{"href":"https:\/\/horapicodigital.com.ar\/index.php\/wp-json\/wp\/v2\/types\/post"}],"author":[{"embeddable":true,"href":"https:\/\/horapicodigital.com.ar\/index.php\/wp-json\/wp\/v2\/users\/7"}],"replies":[{"embeddable":true,"href":"https:\/\/horapicodigital.com.ar\/index.php\/wp-json\/wp\/v2\/comments?post=17672"}],"version-history":[{"count":1,"href":"https:\/\/horapicodigital.com.ar\/index.php\/wp-json\/wp\/v2\/posts\/17672\/revisions"}],"predecessor-version":[{"id":17674,"href":"https:\/\/horapicodigital.com.ar\/index.php\/wp-json\/wp\/v2\/posts\/17672\/revisions\/17674"}],"wp:featuredmedia":[{"embeddable":true,"href":"https:\/\/horapicodigital.com.ar\/index.php\/wp-json\/wp\/v2\/media\/17673"}],"wp:attachment":[{"href":"https:\/\/horapicodigital.com.ar\/index.php\/wp-json\/wp\/v2\/media?parent=17672"}],"wp:term":[{"taxonomy":"category","embeddable":true,"href":"https:\/\/horapicodigital.com.ar\/index.php\/wp-json\/wp\/v2\/categories?post=17672"},{"taxonomy":"post_tag","embeddable":true,"href":"https:\/\/horapicodigital.com.ar\/index.php\/wp-json\/wp\/v2\/tags?post=17672"}],"curies":[{"name":"wp","href":"https:\/\/api.w.org\/{rel}","templated":true}]}}