{"id":17666,"date":"2025-11-22T09:53:52","date_gmt":"2025-11-22T12:53:52","guid":{"rendered":"https:\/\/horapicodigital.com.ar\/?p=17666"},"modified":"2025-11-22T09:53:53","modified_gmt":"2025-11-22T12:53:53","slug":"jair-bolsonaro-fue-llevado-a-la-carcel-la-corte-levanto-su-prision-domiciliaria","status":"publish","type":"post","link":"https:\/\/horapicodigital.com.ar\/index.php\/2025\/11\/22\/jair-bolsonaro-fue-llevado-a-la-carcel-la-corte-levanto-su-prision-domiciliaria\/","title":{"rendered":"Jair Bolsonaro fue llevado a la c\u00e1rcel: la Corte levant\u00f3 su prisi\u00f3n domiciliaria"},"content":{"rendered":"\n<p>El expresidente de Brasil fue arrestado por la Polic\u00eda este s\u00e1bado en Brasilia por orden del Supremo Tribunal Federal.<\/p>\n\n\n\n<p>El expresidente brasile\u00f1o&nbsp;<strong>Jair Bolsonaro<\/strong>&nbsp;fue preso de forma preventiva este s\u00e1bado en Brasilia, tras varios meses cumpliendo prisi\u00f3n domiciliaria.&nbsp;<strong>La detenci\u00f3n se llev\u00f3 a cabo por la Polic\u00eda Federal&nbsp;<\/strong>en cumplimiento de una decisi\u00f3n del Supremo Tribunal Federal (STF).<\/p>\n\n\n\n<p>La medida fue de prisi\u00f3n preventiva y no la ejecuci\u00f3n de su condena de 27 a\u00f1os de c\u00e1rcel.&nbsp;<strong>Bolsonaro hab\u00eda sido condenado en septiembre por haber conspirado para impedir la asunci\u00f3n del izquierdista Luiz In\u00e1cio Lula da Silva tras perder los comicios en 2022.<\/strong><\/p>\n\n\n\n<p>El expresidente, l\u00edder de la derecha y ultraderecha brasile\u00f1as, se encontraba bajo prisi\u00f3n domiciliaria desde agosto, monitoreado electr\u00f3nicamente en su vivienda en un condominio de lujo en la capital. El STF hab\u00eda rechazado a mediados de noviembre un recurso contra su condena, que establec\u00eda que deb\u00eda cumplirse en \u00abr\u00e9gimen cerrado\u00bb (prisi\u00f3n).<\/p>\n\n\n\n<h4 class=\"wp-block-heading\">Pedido de clemencia por salud<\/h4>\n\n\n\n<p>La detenci\u00f3n ocurre a pesar de que l<strong>os abogados de Bolsonaro hab\u00edan solicitado el viernes a la corte que su cliente pudiera purgar su pena en su casa \u00abpor razones humanitarias\u00bb debido a sus delicadas condiciones de salud.<\/strong><\/p>\n\n\n\n<p>La defensa argument\u00f3 que la alteraci\u00f3n de la prisi\u00f3n domiciliaria representa un&nbsp;<strong>\u00abriesgo de vida\u00bb<\/strong>&nbsp;para Bolsonaro, quien sufre secuelas permanentes de la pu\u00f1alada que recibi\u00f3 en el vientre en 2018. Los abogados citaron m\u00faltiples cirug\u00edas, episodios de reflujo e \u00abhipo incontrolable\u00bb que le han provocado falta de aire, adem\u00e1s de un diagn\u00f3stico reciente de c\u00e1ncer de piel.tVYqNA<\/p>\n\n\n\n<p>El per\u00edodo para que la defensa presente nuevos recursos para apelar la sentencia de c\u00e1rcel vence el pr\u00f3ximo lunes.<\/p>\n","protected":false},"excerpt":{"rendered":"<p>El expresidente de Brasil fue arrestado por la Polic\u00eda este s\u00e1bado en Brasilia por orden del Supremo Tribunal Federal. El expresidente brasile\u00f1o&nbsp;Jair Bolsonaro&nbsp;fue preso de forma preventiva este s\u00e1bado en Brasilia, tras varios meses cumpliendo prisi\u00f3n domiciliaria.&nbsp;La detenci\u00f3n se llev\u00f3 a cabo por la Polic\u00eda Federal&nbsp;en cumplimiento de una decisi\u00f3n del Supremo Tribunal Federal (STF). [&hellip;]<\/p>\n","protected":false},"author":7,"featured_media":17667,"comment_status":"open","ping_status":"open","sticky":false,"template":"","format":"standard","meta":{"_themeisle_gutenberg_block_has_review":false,"footnotes":""},"categories":[2877],"tags":[19],"class_list":["post-17666","post","type-post","status-publish","format-standard","has-post-thumbnail","hentry","category-crimen-y-justicia","tag-mundo"],"_links":{"self":[{"href":"https:\/\/horapicodigital.com.ar\/index.php\/wp-json\/wp\/v2\/posts\/17666","targetHints":{"allow":["GET"]}}],"collection":[{"href":"https:\/\/horapicodigital.com.ar\/index.php\/wp-json\/wp\/v2\/posts"}],"about":[{"href":"https:\/\/horapicodigital.com.ar\/index.php\/wp-json\/wp\/v2\/types\/post"}],"author":[{"embeddable":true,"href":"https:\/\/horapicodigital.com.ar\/index.php\/wp-json\/wp\/v2\/users\/7"}],"replies":[{"embeddable":true,"href":"https:\/\/horapicodigital.com.ar\/index.php\/wp-json\/wp\/v2\/comments?post=17666"}],"version-history":[{"count":1,"href":"https:\/\/horapicodigital.com.ar\/index.php\/wp-json\/wp\/v2\/posts\/17666\/revisions"}],"predecessor-version":[{"id":17668,"href":"https:\/\/horapicodigital.com.ar\/index.php\/wp-json\/wp\/v2\/posts\/17666\/revisions\/17668"}],"wp:featuredmedia":[{"embeddable":true,"href":"https:\/\/horapicodigital.com.ar\/index.php\/wp-json\/wp\/v2\/media\/17667"}],"wp:attachment":[{"href":"https:\/\/horapicodigital.com.ar\/index.php\/wp-json\/wp\/v2\/media?parent=17666"}],"wp:term":[{"taxonomy":"category","embeddable":true,"href":"https:\/\/horapicodigital.com.ar\/index.php\/wp-json\/wp\/v2\/categories?post=17666"},{"taxonomy":"post_tag","embeddable":true,"href":"https:\/\/horapicodigital.com.ar\/index.php\/wp-json\/wp\/v2\/tags?post=17666"}],"curies":[{"name":"wp","href":"https:\/\/api.w.org\/{rel}","templated":true}]}}