{"id":17654,"date":"2025-11-22T08:35:48","date_gmt":"2025-11-22T11:35:48","guid":{"rendered":"https:\/\/horapicodigital.com.ar\/?p=17654"},"modified":"2025-11-22T08:35:48","modified_gmt":"2025-11-22T11:35:48","slug":"caso-maria-luz-herrera-a-mi-hija-ya-no-me-la-devuelve-nadie","status":"publish","type":"post","link":"https:\/\/horapicodigital.com.ar\/index.php\/2025\/11\/22\/caso-maria-luz-herrera-a-mi-hija-ya-no-me-la-devuelve-nadie\/","title":{"rendered":"Caso Mar\u00eda Luz Herrera: \u00abA mi hija ya no me la devuelve nadie\u00bb"},"content":{"rendered":"\n<p>A m\u00e1s de dos a\u00f1os de la desaparici\u00f3n de la joven juje\u00f1a, su padre volvi\u00f3 a reclamar avances en la causa y pidi\u00f3 que los dos imputados enfrenten el juicio oral.<\/p>\n\n\n\n<p><a href=\"https:\/\/www.somosjujuy.com.ar\/jujuy\/caso-maria-luz-herrera-a-mi-hija-ya-me-devuelve-nadie-n111085#\"><br><\/a><a href=\"https:\/\/www.somosjujuy.com.ar\/jujuy\/caso-maria-luz-herrera-a-mi-hija-ya-me-devuelve-nadie-n111085#\"><\/a><a href=\"https:\/\/www.somosjujuy.com.ar\/jujuy\/caso-maria-luz-herrera-a-mi-hija-ya-me-devuelve-nadie-n111085#\"><\/a><a href=\"https:\/\/www.somosjujuy.com.ar\/jujuy\/caso-maria-luz-herrera-a-mi-hija-ya-me-devuelve-nadie-n111085#\"><\/a><\/p>\n\n\n\n<p>A m\u00e1s de dos a\u00f1os de la desaparici\u00f3n de&nbsp;<strong>Mar\u00eda Luz Herrera<\/strong>, su familia volvi\u00f3 a pedir justicia y celeridad en la causa. Su padre,&nbsp;<strong>Sebasti\u00e1n Herrera<\/strong>, se\u00f1al\u00f3 que mira con esperanza la investigaci\u00f3n, pero admiti\u00f3 que el dolor sigue intacto: \u201cun largo caminar, un camino doloroso, mucho sufrimiento. Pasaron m\u00e1s de dos a\u00f1os pero seguimos creyendo en la justicia\u201d.<\/p>\n\n\n<div class=\"wp-block-image\">\n<figure class=\"aligncenter size-full\"><img loading=\"lazy\" decoding=\"async\" width=\"631\" height=\"378\" src=\"https:\/\/horapicodigital.com.ar\/wp-content\/uploads\/2025\/11\/Screenshot-2025-11-22-083431.png\" alt=\"\" class=\"wp-image-17656\" srcset=\"https:\/\/horapicodigital.com.ar\/wp-content\/uploads\/2025\/11\/Screenshot-2025-11-22-083431.png 631w, https:\/\/horapicodigital.com.ar\/wp-content\/uploads\/2025\/11\/Screenshot-2025-11-22-083431-300x180.png 300w\" sizes=\"auto, (max-width: 631px) 100vw, 631px\" \/><\/figure>\n<\/div>\n\n\n<p>Herrera explic\u00f3 que durante una reciente audiencia judicial se discuti\u00f3 la elevaci\u00f3n a juicio de quienes est\u00e1n detenidos: su ex pareja,&nbsp;<strong>Dar\u00edo Ezequiel Godoy Florent\u00edn<\/strong>, y el padre de este,&nbsp;<strong>Dar\u00edo Ismael Godoy Ojeda<\/strong>. Ambos est\u00e1n imputados por \u201chomicidio agravado por el v\u00ednculo\u201d y encubrimiento.&nbsp;<strong>\u201cEst\u00e1n todas las pruebas\u201d<\/strong>, afirm\u00f3 el padre, y asegur\u00f3 que existe \u201cun mont\u00f3n de pruebas contundentes\u201d contra ellos.&nbsp;<\/p>\n\n\n\n<p>Seg\u00fan Herrera,&nbsp;<strong>los detenidos ya declararon ante la fiscal\u00eda<\/strong>, y esas declaraciones evidenciaron incongruencias: \u201cexisten sobradas pruebas para que el fiscal haya determinado la prisi\u00f3n penal y estamos a la espera de la apertura a juicio\u201d.<\/p>\n\n\n\n<p>Adem\u00e1s, sostuvo que pidieron la intervenci\u00f3n de&nbsp;<strong>Gendarmer\u00eda Nacional<\/strong>&nbsp;para peritar los tel\u00e9fonos celulares, ya que, seg\u00fan denuncia,&nbsp;<strong>\u201cborraron toda la informaci\u00f3n del celular de mi hija y de sus celulares.<\/strong>&nbsp;De igual manera se peritaron y se recab\u00f3 un mont\u00f3n de pruebas\u201d.<\/p>\n\n\n\n<p>La familia tambi\u00e9n solicit\u00f3&nbsp;<strong>nuevas medidas de prueba \u201cpara ver no solamente si hay m\u00e1s v\u00edctimas, sino tambi\u00e9n si hay m\u00e1s part\u00edcipes<\/strong>&nbsp;en estos hechos\u201d. Herrera dijo que no descartan que el caso sea a\u00fan m\u00e1s amplio.<\/p>\n\n\n\n<p>En su relato,&nbsp;<strong>el padre de Luz tambi\u00e9n record\u00f3 que su hija quer\u00eda alejarse de su pareja y volver a Jujuy:<\/strong>&nbsp;\u201cMi hija ya no me la devuelve nadie, pero no quiero que le pase a ninguna otra mujer\u201d. Seg\u00fan su versi\u00f3n, Mar\u00eda Luz deseaba irse de Chaco, pero \u201cesta persona no la dej\u00f3 irse\u201d.<\/p>\n\n\n\n<p>El caso lleva largo tiempo en investigaci\u00f3n. Desde su desaparici\u00f3n el 26 de septiembre de 2023, en S\u00e1enz Pe\u00f1a, provincia del Chaco, la familia ha sufrido una espera angustiante.<\/p>\n\n\n\n<p><a href=\"https:\/\/www.somosjujuy.com.ar\/nacionales\/la-familia-loan-pidio-causa-archive-esperan-decision-casacion-n110988\"><\/a><\/p>\n","protected":false},"excerpt":{"rendered":"<p>A m\u00e1s de dos a\u00f1os de la desaparici\u00f3n de la joven juje\u00f1a, su padre volvi\u00f3 a reclamar avances en la causa y pidi\u00f3 que los dos imputados enfrenten el juicio oral. A m\u00e1s de dos a\u00f1os de la desaparici\u00f3n de&nbsp;Mar\u00eda Luz Herrera, su familia volvi\u00f3 a pedir justicia y celeridad en la causa. Su padre,&nbsp;Sebasti\u00e1n [&hellip;]<\/p>\n","protected":false},"author":7,"featured_media":17655,"comment_status":"open","ping_status":"open","sticky":false,"template":"","format":"standard","meta":{"_themeisle_gutenberg_block_has_review":false,"footnotes":""},"categories":[1],"tags":[],"class_list":["post-17654","post","type-post","status-publish","format-standard","has-post-thumbnail","hentry","category-uncategorized"],"_links":{"self":[{"href":"https:\/\/horapicodigital.com.ar\/index.php\/wp-json\/wp\/v2\/posts\/17654","targetHints":{"allow":["GET"]}}],"collection":[{"href":"https:\/\/horapicodigital.com.ar\/index.php\/wp-json\/wp\/v2\/posts"}],"about":[{"href":"https:\/\/horapicodigital.com.ar\/index.php\/wp-json\/wp\/v2\/types\/post"}],"author":[{"embeddable":true,"href":"https:\/\/horapicodigital.com.ar\/index.php\/wp-json\/wp\/v2\/users\/7"}],"replies":[{"embeddable":true,"href":"https:\/\/horapicodigital.com.ar\/index.php\/wp-json\/wp\/v2\/comments?post=17654"}],"version-history":[{"count":1,"href":"https:\/\/horapicodigital.com.ar\/index.php\/wp-json\/wp\/v2\/posts\/17654\/revisions"}],"predecessor-version":[{"id":17657,"href":"https:\/\/horapicodigital.com.ar\/index.php\/wp-json\/wp\/v2\/posts\/17654\/revisions\/17657"}],"wp:featuredmedia":[{"embeddable":true,"href":"https:\/\/horapicodigital.com.ar\/index.php\/wp-json\/wp\/v2\/media\/17655"}],"wp:attachment":[{"href":"https:\/\/horapicodigital.com.ar\/index.php\/wp-json\/wp\/v2\/media?parent=17654"}],"wp:term":[{"taxonomy":"category","embeddable":true,"href":"https:\/\/horapicodigital.com.ar\/index.php\/wp-json\/wp\/v2\/categories?post=17654"},{"taxonomy":"post_tag","embeddable":true,"href":"https:\/\/horapicodigital.com.ar\/index.php\/wp-json\/wp\/v2\/tags?post=17654"}],"curies":[{"name":"wp","href":"https:\/\/api.w.org\/{rel}","templated":true}]}}