{"id":17639,"date":"2025-11-20T08:29:10","date_gmt":"2025-11-20T11:29:10","guid":{"rendered":"https:\/\/horapicodigital.com.ar\/?p=17639"},"modified":"2025-11-20T08:29:11","modified_gmt":"2025-11-20T11:29:11","slug":"esta-tarde-asignaran-los-momentos-para-el-ingreso-a-1-ano-en-escuelas-con-sobredemanda","status":"publish","type":"post","link":"https:\/\/horapicodigital.com.ar\/index.php\/2025\/11\/20\/esta-tarde-asignaran-los-momentos-para-el-ingreso-a-1-ano-en-escuelas-con-sobredemanda\/","title":{"rendered":"Esta tarde asignar\u00e1n los \u00abmomentos\u00bb para el ingreso a 1\u00b0 a\u00f1o en escuelas con sobredemanda"},"content":{"rendered":"\n<p>El Ministerio de Educaci\u00f3n definir\u00e1 el orden que determinar\u00e1 qui\u00e9nes acceder\u00e1n a los establecimientos para el ciclo lectivo que viene.<\/p>\n\n\n\n<p>El Ministerio de Educaci\u00f3n inform\u00f3 que este&nbsp;<strong>jueves 20 de noviembre<\/strong>, a las&nbsp;<strong>16 horas<\/strong>, se realizar\u00e1 la asignaci\u00f3n de los \u201cmomentos\u201d para las escuelas secundarias con&nbsp;<strong>sobredemanda<\/strong>&nbsp;en el proceso de ingreso a&nbsp;<strong>1\u00b0 a\u00f1o 2026<\/strong>.<\/p>\n\n\n\n<p>El procedimiento se llevar\u00e1 a cabo en la sede de&nbsp;<strong>INPROJUY<\/strong>&nbsp;y consiste en otorgar a cada instituci\u00f3n una fecha, hora, minutos y segundos espec\u00edficos. Ese \u00abmomento\u00bb ser\u00e1 el que determine la posibilidad de ingreso de cada estudiante, seg\u00fan la cercan\u00eda con el horario en el que se realiz\u00f3 la&nbsp;<strong>preinscripci\u00f3n online<\/strong>.<\/p>\n\n\n\n<p>La asignaci\u00f3n se podr\u00e1 seguir\u00a0<strong>en vivo<\/strong>\u00a0a trav\u00e9s de\u00a0<strong>YouTube<\/strong>, y tambi\u00e9n estar\u00e1 disponible desde el\u00a0<strong>perfil oficial de\u00a0Facebook del Ministerio de Educaci\u00f3n<\/strong>. La cartera adelant\u00f3 que ese mismo d\u00eda se publicar\u00e1 el enlace correspondiente para que las familias puedan acceder a la transmisi\u00f3n.<\/p>\n\n\n\n<p>Las&nbsp;<strong>vacantes definitivas<\/strong>&nbsp;que correspondan a cada escuela se dar\u00e1n a conocer el&nbsp;<strong>22 de noviembre<\/strong>, una vez finalizado el proceso de ordenamiento.<\/p>\n\n\n\n<p>Los colegios donde los preinscriptos superan las vacantes son:<\/p>\n\n\n\n<h3 class=\"wp-block-heading\"><strong>San Salvador<\/strong><\/h3>\n\n\n\n<ol class=\"wp-block-list\">\n<li>Colegio Secundario de Artes N\u00b042<\/li>\n\n\n\n<li>Colegio Secundario N\u00b02 \u201cFrancisca Triguero de Rocha Sol\u00f3rzano\u201d<\/li>\n\n\n\n<li>Colegio Secundario N\u00b039<\/li>\n\n\n\n<li>Colegio Secundario N\u00b048<\/li>\n\n\n\n<li>Colegio Secundario N\u00b059 \u201cOlga M\u00e1rquez de Aredez\u201d<\/li>\n\n\n\n<li>Escuela de Comercio N\u00b02 \u201cMalvinas Argentinas\u201d<\/li>\n<\/ol>\n\n\n\n<h3 class=\"wp-block-heading\"><strong>En el interior<\/strong><\/h3>\n\n\n\n<ol class=\"wp-block-list\">\n<li>Bachillerato Provincial N\u00b022 \u201cH\u00e9roes de Malvinas\u201d (Palpal\u00e1)<\/li>\n\n\n\n<li>Escuela Provincial de Comercio N\u00b02 \u201cDr. Manuel Belgrano\u201d (Palpal\u00e1)<\/li>\n\n\n\n<li>Colegio Secundario N\u00b047 \u201cDr. Ren\u00e9 Favaloro\u201d (Libertador)<\/li>\n\n\n\n<li>Escuela Provincial de Artes N\u00b03 \u201cLola Mora\u201d (Libertador)<\/li>\n\n\n\n<li>Colegio Secundario N\u00b056 (El Carmen)<\/li>\n\n\n\n<li>Escuela de Educaci\u00f3n T\u00e9cnica N\u00b01 \u201cIng. Luis Michaud\u201d (El Carmen)<\/li>\n\n\n\n<li>Escuela de Comercio N\u00b01 \u201cJos\u00e9 Manuel Estrada\u201d (Perico)<\/li>\n\n\n\n<li>Escuela T\u00e9cnica N\u00b01 \u201cMaestro Humberto Samuel Luna\u201d (Perico)<\/li>\n\n\n\n<li>Escuela de Educaci\u00f3n T\u00e9cnica N\u00b02 \u201cDoctor Horacio Guzm\u00e1n\u201d (San Pedro)<\/li>\n\n\n\n<li>Escuela Normal Superior \u201cGral. Jos\u00e9 de San Mart\u00edn\u201d (San Pedro)<\/li>\n<\/ol>\n\n\n\n<h2 class=\"wp-block-heading\"><strong>As\u00ed contin\u00faa el cronograma de ingreso a primer a\u00f1o en Jujuy<\/strong><\/h2>\n\n\n\n<ul class=\"wp-block-list\">\n<li>Este jueves 20 de noviembre se realizar\u00e1 la asignaci\u00f3n de \u00abun momento\u00bb para instituciones con sobredemanda a trav\u00e9s del sorteo en el INPROJUY.<\/li>\n\n\n\n<li>El s\u00e1bado 22 de noviembre se publicar\u00e1 la asignaci\u00f3n de vacantes por instituci\u00f3n educativa (segundo sorteo).<\/li>\n\n\n\n<li>Del lunes 24 al mi\u00e9rcoles 26 de noviembre se deber\u00e1 confirmar la inscripci\u00f3n definitiva con la documentaci\u00f3n requerida.<\/li>\n\n\n\n<li>Entre el jueves 27 y viernes 28 de noviembre se realizar\u00e1 un relevamiento de vacantes disponibles.<\/li>\n\n\n\n<li>El 2 martes y mi\u00e9rcoles 3 de diciembre se habilitar\u00e1 la tercera preinscripci\u00f3n en hasta dos instituciones educativas.<\/li>\n\n\n\n<li>El martes 9 de diciembre se realizar\u00e1 la asignaci\u00f3n de \u00abun momento\u00bb para instituciones con sobredemanda a trav\u00e9s del sorteo en el INPROJUY.<\/li>\n\n\n\n<li>El jueves 11 de diciembre se publicar\u00e1 la asignaci\u00f3n de vacantes por instituci\u00f3n educativa (tercer sorteo).<\/li>\n\n\n\n<li>Finalmente del viernes 12 al martes 16 de diciembre se deber\u00e1 confirmar la inscripci\u00f3n definitiva con la documentaci\u00f3n requerida.<\/li>\n<\/ul>\n","protected":false},"excerpt":{"rendered":"<p>El Ministerio de Educaci\u00f3n definir\u00e1 el orden que determinar\u00e1 qui\u00e9nes acceder\u00e1n a los establecimientos para el ciclo lectivo que viene. El Ministerio de Educaci\u00f3n inform\u00f3 que este&nbsp;jueves 20 de noviembre, a las&nbsp;16 horas, se realizar\u00e1 la asignaci\u00f3n de los \u201cmomentos\u201d para las escuelas secundarias con&nbsp;sobredemanda&nbsp;en el proceso de ingreso a&nbsp;1\u00b0 a\u00f1o 2026. El procedimiento se [&hellip;]<\/p>\n","protected":false},"author":7,"featured_media":17640,"comment_status":"open","ping_status":"open","sticky":false,"template":"","format":"standard","meta":{"_themeisle_gutenberg_block_has_review":false,"footnotes":""},"categories":[248],"tags":[58],"class_list":["post-17639","post","type-post","status-publish","format-standard","has-post-thumbnail","hentry","category-educacion","tag-jujuy"],"_links":{"self":[{"href":"https:\/\/horapicodigital.com.ar\/index.php\/wp-json\/wp\/v2\/posts\/17639","targetHints":{"allow":["GET"]}}],"collection":[{"href":"https:\/\/horapicodigital.com.ar\/index.php\/wp-json\/wp\/v2\/posts"}],"about":[{"href":"https:\/\/horapicodigital.com.ar\/index.php\/wp-json\/wp\/v2\/types\/post"}],"author":[{"embeddable":true,"href":"https:\/\/horapicodigital.com.ar\/index.php\/wp-json\/wp\/v2\/users\/7"}],"replies":[{"embeddable":true,"href":"https:\/\/horapicodigital.com.ar\/index.php\/wp-json\/wp\/v2\/comments?post=17639"}],"version-history":[{"count":1,"href":"https:\/\/horapicodigital.com.ar\/index.php\/wp-json\/wp\/v2\/posts\/17639\/revisions"}],"predecessor-version":[{"id":17641,"href":"https:\/\/horapicodigital.com.ar\/index.php\/wp-json\/wp\/v2\/posts\/17639\/revisions\/17641"}],"wp:featuredmedia":[{"embeddable":true,"href":"https:\/\/horapicodigital.com.ar\/index.php\/wp-json\/wp\/v2\/media\/17640"}],"wp:attachment":[{"href":"https:\/\/horapicodigital.com.ar\/index.php\/wp-json\/wp\/v2\/media?parent=17639"}],"wp:term":[{"taxonomy":"category","embeddable":true,"href":"https:\/\/horapicodigital.com.ar\/index.php\/wp-json\/wp\/v2\/categories?post=17639"},{"taxonomy":"post_tag","embeddable":true,"href":"https:\/\/horapicodigital.com.ar\/index.php\/wp-json\/wp\/v2\/tags?post=17639"}],"curies":[{"name":"wp","href":"https:\/\/api.w.org\/{rel}","templated":true}]}}