{"id":17603,"date":"2025-11-19T07:58:17","date_gmt":"2025-11-19T10:58:17","guid":{"rendered":"https:\/\/horapicodigital.com.ar\/?p=17603"},"modified":"2025-11-19T07:58:18","modified_gmt":"2025-11-19T10:58:18","slug":"docentes-jujenos-reclaman-un-bono-de-500-mil-pesos-en-una-nueva-jornada-de-paro","status":"publish","type":"post","link":"https:\/\/horapicodigital.com.ar\/index.php\/2025\/11\/19\/docentes-jujenos-reclaman-un-bono-de-500-mil-pesos-en-una-nueva-jornada-de-paro\/","title":{"rendered":"Docentes juje\u00f1os reclaman un bono de 500 mil pesos en una nueva jornada de paro"},"content":{"rendered":"\n<p>Los docentes demandan la apertura de paritarias reales, un aumento salarial del 15% y la implementaci\u00f3n del pago del salario por cargo y no por persona.<\/p>\n\n\n\n<p>En medio de un creciente malestar por las condiciones salariales, el sindicato docente Cedems\u00a0encabezar\u00e1 este mi\u00e9rcoles 19 de noviembre un paro de 24 horas acompa\u00f1ado por una movilizaci\u00f3n en la ciudad de San Salvador de Jujuy.<\/p>\n\n\n\n<p>La protesta, convocada para las 18 en la sede gremial ubicada en Balcarce 162, busca visibilizar una serie de reclamos entre los que se destaca la exigencia de un&nbsp;<strong>bono de fin de a\u00f1o de 500.000 pesos<\/strong>&nbsp;para el sector. Adem\u00e1s, los docentes demandan la apertura de&nbsp;<strong>paritarias reales<\/strong>, un&nbsp;<strong>aumento salarial del 15%<\/strong>&nbsp;y la implementaci\u00f3n del pago del salario&nbsp;<strong>por cargo y no por persona<\/strong>, medida que consideran clave para recomponer sus ingresos.<\/p>\n\n\n\n<p>Desde el gremio afirmaron que la situaci\u00f3n econ\u00f3mica del sector docente \u201ces insostenible\u201d y que las pol\u00edticas de ajuste aplicadas en la provincia impactan directamente sobre los trabajadores de la educaci\u00f3n. Por este motivo, llamaron a toda la docencia a participar de la jornada y a \u201chacer o\u00edr su voz\u201d de manera colectiva.<\/p>\n\n\n\n<p>La medida se suma a una serie de acciones que los docentes juje\u00f1os vienen llevando adelante en los \u00faltimos meses, en un contexto de tensiones salariales que todav\u00eda no encuentra resoluci\u00f3n.<\/p>\n","protected":false},"excerpt":{"rendered":"<p>Los docentes demandan la apertura de paritarias reales, un aumento salarial del 15% y la implementaci\u00f3n del pago del salario por cargo y no por persona. En medio de un creciente malestar por las condiciones salariales, el sindicato docente Cedems\u00a0encabezar\u00e1 este mi\u00e9rcoles 19 de noviembre un paro de 24 horas acompa\u00f1ado por una movilizaci\u00f3n en [&hellip;]<\/p>\n","protected":false},"author":7,"featured_media":17604,"comment_status":"open","ping_status":"open","sticky":false,"template":"","format":"standard","meta":{"_themeisle_gutenberg_block_has_review":false,"footnotes":""},"categories":[248],"tags":[58],"class_list":["post-17603","post","type-post","status-publish","format-standard","has-post-thumbnail","hentry","category-educacion","tag-jujuy"],"_links":{"self":[{"href":"https:\/\/horapicodigital.com.ar\/index.php\/wp-json\/wp\/v2\/posts\/17603","targetHints":{"allow":["GET"]}}],"collection":[{"href":"https:\/\/horapicodigital.com.ar\/index.php\/wp-json\/wp\/v2\/posts"}],"about":[{"href":"https:\/\/horapicodigital.com.ar\/index.php\/wp-json\/wp\/v2\/types\/post"}],"author":[{"embeddable":true,"href":"https:\/\/horapicodigital.com.ar\/index.php\/wp-json\/wp\/v2\/users\/7"}],"replies":[{"embeddable":true,"href":"https:\/\/horapicodigital.com.ar\/index.php\/wp-json\/wp\/v2\/comments?post=17603"}],"version-history":[{"count":1,"href":"https:\/\/horapicodigital.com.ar\/index.php\/wp-json\/wp\/v2\/posts\/17603\/revisions"}],"predecessor-version":[{"id":17605,"href":"https:\/\/horapicodigital.com.ar\/index.php\/wp-json\/wp\/v2\/posts\/17603\/revisions\/17605"}],"wp:featuredmedia":[{"embeddable":true,"href":"https:\/\/horapicodigital.com.ar\/index.php\/wp-json\/wp\/v2\/media\/17604"}],"wp:attachment":[{"href":"https:\/\/horapicodigital.com.ar\/index.php\/wp-json\/wp\/v2\/media?parent=17603"}],"wp:term":[{"taxonomy":"category","embeddable":true,"href":"https:\/\/horapicodigital.com.ar\/index.php\/wp-json\/wp\/v2\/categories?post=17603"},{"taxonomy":"post_tag","embeddable":true,"href":"https:\/\/horapicodigital.com.ar\/index.php\/wp-json\/wp\/v2\/tags?post=17603"}],"curies":[{"name":"wp","href":"https:\/\/api.w.org\/{rel}","templated":true}]}}