{"id":17596,"date":"2025-11-18T08:04:09","date_gmt":"2025-11-18T11:04:09","guid":{"rendered":"https:\/\/horapicodigital.com.ar\/?p=17596"},"modified":"2025-11-18T08:04:10","modified_gmt":"2025-11-18T11:04:10","slug":"este-miercoles-aumenta-la-tarifa-del-transporte-urbano-de-pasajeros-en-san-salvador-de-jujuy-conoce-los-nuevos-precios","status":"publish","type":"post","link":"https:\/\/horapicodigital.com.ar\/index.php\/2025\/11\/18\/este-miercoles-aumenta-la-tarifa-del-transporte-urbano-de-pasajeros-en-san-salvador-de-jujuy-conoce-los-nuevos-precios\/","title":{"rendered":"Este mi\u00e9rcoles aumenta la tarifa del transporte urbano de pasajeros en San Salvador de Jujuy: conoc\u00e9 los nuevos precios"},"content":{"rendered":"\n<p>El precio del boleto hasta los barrios m\u00e1s cercanos al casco c\u00e9ntrico tendr\u00e1 un valor de $1167.99.<\/p>\n\n\n\n<p><a href=\"https:\/\/www.somosjujuy.com.ar\/jujuy\/este-miercoles-aumenta-tarifa-transporte-urbano-pasajeros-san-salvador-jujuy-conoce-nuevos-precios-n110889#\"><br><\/a><a href=\"https:\/\/www.somosjujuy.com.ar\/jujuy\/este-miercoles-aumenta-tarifa-transporte-urbano-pasajeros-san-salvador-jujuy-conoce-nuevos-precios-n110889#\"><\/a><a href=\"https:\/\/www.somosjujuy.com.ar\/jujuy\/este-miercoles-aumenta-tarifa-transporte-urbano-pasajeros-san-salvador-jujuy-conoce-nuevos-precios-n110889#\"><\/a><a href=\"https:\/\/www.somosjujuy.com.ar\/jujuy\/este-miercoles-aumenta-tarifa-transporte-urbano-pasajeros-san-salvador-jujuy-conoce-nuevos-precios-n110889#\"><\/a><\/p>\n\n\n\n<p>La Secretar\u00eda de Servicios P\u00fablicos, a trav\u00e9s de la Direcci\u00f3n de Fiscalizaci\u00f3n de Transporte de la Municipalidad de San Salvador de Jujuy, inform\u00f3 que a partir del&nbsp;<strong>mi\u00e9rcoles 19 de noviembre<\/strong>, las&nbsp;<strong>tarifas&nbsp;<\/strong>sufrir\u00e1n un incremento.<\/p>\n\n\n\n<p>La misma, regir\u00e1 desde las 8:30 hs, y&nbsp;<strong>el precio del boleto hasta los barrios m\u00e1s cercanos al casco c\u00e9ntrico tendr\u00e1 un valor de $1167.99.<\/strong><\/p>\n\n\n\n<p><strong>LOS NUEVOS PRECIOS:<\/strong><\/p>\n\n\n\n<ul class=\"wp-block-list\">\n<li>San Salvador de Jujuy: $1167.99<\/li>\n\n\n\n<li>San Salvador de Jujuy a Reyes: $1167.99<\/li>\n\n\n\n<li>San Salvador de Jujuy a Guerrero: $1343.53<\/li>\n\n\n\n<li>San Salvador de Jujuy a Termas de Reyes : $1518.28<\/li>\n\n\n\n<li>San Salvador de Jujuy a San Pablo de Reyes: $1343.53<\/li>\n\n\n\n<li>San Salvador de Jujuy a Yala: $1518.28<\/li>\n\n\n\n<li>San Salvador de Jujuy a Los Nogales: $1693.82<\/li>\n\n\n\n<li>San Salvador de Jujuy a Lozano: $1693.82<\/li>\n\n\n\n<li>San Salvador de Jujuy a Le\u00f3n: $ 1868.57<\/li>\n<\/ul>\n\n\n\n<p><\/p>\n","protected":false},"excerpt":{"rendered":"<p>El precio del boleto hasta los barrios m\u00e1s cercanos al casco c\u00e9ntrico tendr\u00e1 un valor de $1167.99. La Secretar\u00eda de Servicios P\u00fablicos, a trav\u00e9s de la Direcci\u00f3n de Fiscalizaci\u00f3n de Transporte de la Municipalidad de San Salvador de Jujuy, inform\u00f3 que a partir del&nbsp;mi\u00e9rcoles 19 de noviembre, las&nbsp;tarifas&nbsp;sufrir\u00e1n un incremento. La misma, regir\u00e1 desde las [&hellip;]<\/p>\n","protected":false},"author":7,"featured_media":17597,"comment_status":"open","ping_status":"open","sticky":false,"template":"","format":"standard","meta":{"_themeisle_gutenberg_block_has_review":false,"footnotes":""},"categories":[81,118],"tags":[58],"class_list":["post-17596","post","type-post","status-publish","format-standard","has-post-thumbnail","hentry","category-general","category-sociedad","tag-jujuy"],"_links":{"self":[{"href":"https:\/\/horapicodigital.com.ar\/index.php\/wp-json\/wp\/v2\/posts\/17596","targetHints":{"allow":["GET"]}}],"collection":[{"href":"https:\/\/horapicodigital.com.ar\/index.php\/wp-json\/wp\/v2\/posts"}],"about":[{"href":"https:\/\/horapicodigital.com.ar\/index.php\/wp-json\/wp\/v2\/types\/post"}],"author":[{"embeddable":true,"href":"https:\/\/horapicodigital.com.ar\/index.php\/wp-json\/wp\/v2\/users\/7"}],"replies":[{"embeddable":true,"href":"https:\/\/horapicodigital.com.ar\/index.php\/wp-json\/wp\/v2\/comments?post=17596"}],"version-history":[{"count":1,"href":"https:\/\/horapicodigital.com.ar\/index.php\/wp-json\/wp\/v2\/posts\/17596\/revisions"}],"predecessor-version":[{"id":17598,"href":"https:\/\/horapicodigital.com.ar\/index.php\/wp-json\/wp\/v2\/posts\/17596\/revisions\/17598"}],"wp:featuredmedia":[{"embeddable":true,"href":"https:\/\/horapicodigital.com.ar\/index.php\/wp-json\/wp\/v2\/media\/17597"}],"wp:attachment":[{"href":"https:\/\/horapicodigital.com.ar\/index.php\/wp-json\/wp\/v2\/media?parent=17596"}],"wp:term":[{"taxonomy":"category","embeddable":true,"href":"https:\/\/horapicodigital.com.ar\/index.php\/wp-json\/wp\/v2\/categories?post=17596"},{"taxonomy":"post_tag","embeddable":true,"href":"https:\/\/horapicodigital.com.ar\/index.php\/wp-json\/wp\/v2\/tags?post=17596"}],"curies":[{"name":"wp","href":"https:\/\/api.w.org\/{rel}","templated":true}]}}