{"id":17592,"date":"2025-11-18T07:54:42","date_gmt":"2025-11-18T10:54:42","guid":{"rendered":"https:\/\/horapicodigital.com.ar\/?p=17592"},"modified":"2025-11-18T07:54:43","modified_gmt":"2025-11-18T10:54:43","slug":"paro-docente-y-movilizacion-el-cedems-convoco-a-una-jornada-de-protesta-para-este-miercoles","status":"publish","type":"post","link":"https:\/\/horapicodigital.com.ar\/index.php\/2025\/11\/18\/paro-docente-y-movilizacion-el-cedems-convoco-a-una-jornada-de-protesta-para-este-miercoles\/","title":{"rendered":"Paro docente y movilizaci\u00f3n: el Cedems convoc\u00f3 a una jornada de protesta para este mi\u00e9rcoles"},"content":{"rendered":"\n<p>El gremio anunci\u00f3 un paro de 24 horas y una movilizaci\u00f3n en la capital juje\u00f1a en reclamo de mejoras salariales, tras considerar insuficiente la \u00faltima oferta del Gobierno provincial.<\/p>\n\n\n\n<p>El Cedems anunci\u00f3 un&nbsp;<strong>paro de 24 horas<\/strong>&nbsp;y una&nbsp;<strong>movilizaci\u00f3n provincial<\/strong>&nbsp;para este mi\u00e9rcoles 19 de noviembre, en reclamo de mejoras salariales luego del ofrecimiento de hoy del Gobierno de un bono de fin de a\u00f1o de $300.000 y un 2,5% de aumento salarial.&nbsp;<\/p>\n\n\n\n<p>Seg\u00fan inform\u00f3 el gremio, la concentraci\u00f3n ser\u00e1 a las&nbsp;<strong>18 horas en la sede del CEDEMS<\/strong>, ubicada en calle Balcarce, desde donde los docentes marchar\u00e1n por el centro capitalino.<\/p>\n\n\n\n<p>Entre los principales puntos del reclamo, el gremio exige:<\/p>\n\n\n\n<ul class=\"wp-block-list\">\n<li><strong>Un bono universal de $500.000<\/strong><\/li>\n\n\n\n<li><strong>Un aumento salarial del 15%<\/strong><\/li>\n\n\n\n<li><strong>Que el salario se pague por cargo y no por persona<\/strong><\/li>\n<\/ul>\n\n\n\n<p>El paro ser\u00e1&nbsp;<strong>de 24 horas con acatamiento provincial<\/strong>, seg\u00fan detall\u00f3 el gremio.<\/p>\n\n\n\n<h3 class=\"wp-block-heading\"><strong>El contexto paritario: la oferta del Gobierno y el rechazo docente<\/strong><\/h3>\n\n\n\n<p>La medida de fuerza se da luego del ofrecimiento que realiz\u00f3 este lunes el Gobierno en el marco de las negociaciones paritarias. El Ejecutivo ofreci\u00f3 un&nbsp;<strong>bono de fin de a\u00f1o de $300.000<\/strong>&nbsp;para trabajadores estatales con salarios inferiores a $1.400.000, y&nbsp;<strong>$200.000<\/strong>&nbsp;para quienes superen ese monto. En ambos casos, el pago ser\u00e1 en&nbsp;<strong>dos cuotas<\/strong>&nbsp;entre diciembre y enero.<\/p>\n\n\n\n<p>La del lunes fue la \u00faltima reuni\u00f3n paritaria de 2025: el Gobierno y los gremios estatales reci\u00e9n retomar\u00e1n el di\u00e1logo reci\u00e9n en febrero de 2026.<\/p>\n","protected":false},"excerpt":{"rendered":"<p>El gremio anunci\u00f3 un paro de 24 horas y una movilizaci\u00f3n en la capital juje\u00f1a en reclamo de mejoras salariales, tras considerar insuficiente la \u00faltima oferta del Gobierno provincial. El Cedems anunci\u00f3 un&nbsp;paro de 24 horas&nbsp;y una&nbsp;movilizaci\u00f3n provincial&nbsp;para este mi\u00e9rcoles 19 de noviembre, en reclamo de mejoras salariales luego del ofrecimiento de hoy del Gobierno [&hellip;]<\/p>\n","protected":false},"author":7,"featured_media":17593,"comment_status":"open","ping_status":"open","sticky":false,"template":"","format":"standard","meta":{"_themeisle_gutenberg_block_has_review":false,"footnotes":""},"categories":[248,81],"tags":[58],"class_list":["post-17592","post","type-post","status-publish","format-standard","has-post-thumbnail","hentry","category-educacion","category-general","tag-jujuy"],"_links":{"self":[{"href":"https:\/\/horapicodigital.com.ar\/index.php\/wp-json\/wp\/v2\/posts\/17592","targetHints":{"allow":["GET"]}}],"collection":[{"href":"https:\/\/horapicodigital.com.ar\/index.php\/wp-json\/wp\/v2\/posts"}],"about":[{"href":"https:\/\/horapicodigital.com.ar\/index.php\/wp-json\/wp\/v2\/types\/post"}],"author":[{"embeddable":true,"href":"https:\/\/horapicodigital.com.ar\/index.php\/wp-json\/wp\/v2\/users\/7"}],"replies":[{"embeddable":true,"href":"https:\/\/horapicodigital.com.ar\/index.php\/wp-json\/wp\/v2\/comments?post=17592"}],"version-history":[{"count":1,"href":"https:\/\/horapicodigital.com.ar\/index.php\/wp-json\/wp\/v2\/posts\/17592\/revisions"}],"predecessor-version":[{"id":17594,"href":"https:\/\/horapicodigital.com.ar\/index.php\/wp-json\/wp\/v2\/posts\/17592\/revisions\/17594"}],"wp:featuredmedia":[{"embeddable":true,"href":"https:\/\/horapicodigital.com.ar\/index.php\/wp-json\/wp\/v2\/media\/17593"}],"wp:attachment":[{"href":"https:\/\/horapicodigital.com.ar\/index.php\/wp-json\/wp\/v2\/media?parent=17592"}],"wp:term":[{"taxonomy":"category","embeddable":true,"href":"https:\/\/horapicodigital.com.ar\/index.php\/wp-json\/wp\/v2\/categories?post=17592"},{"taxonomy":"post_tag","embeddable":true,"href":"https:\/\/horapicodigital.com.ar\/index.php\/wp-json\/wp\/v2\/tags?post=17592"}],"curies":[{"name":"wp","href":"https:\/\/api.w.org\/{rel}","templated":true}]}}