{"id":17567,"date":"2025-11-17T07:52:07","date_gmt":"2025-11-17T10:52:07","guid":{"rendered":"https:\/\/horapicodigital.com.ar\/?p=17567"},"modified":"2025-11-17T07:52:08","modified_gmt":"2025-11-17T10:52:08","slug":"un-joven-murio-tras-ser-atacado-con-un-arma-blanca-en-perico","status":"publish","type":"post","link":"https:\/\/horapicodigital.com.ar\/index.php\/2025\/11\/17\/un-joven-murio-tras-ser-atacado-con-un-arma-blanca-en-perico\/","title":{"rendered":"Un joven muri\u00f3 tras ser atacado con un arma blanca en Perico"},"content":{"rendered":"\n<p>Ocurri\u00f3 en la madrugada de este lunes sobre avenida Jujuy del barrio 9 de Julio de esa ciudad.<\/p>\n\n\n\n<p>Fuentes policiales confirmaron que en la madrugada de este lunes<strong>&nbsp;un joven fue apu\u00f1alado en el cuello con un arma blanca<\/strong>. La v\u00edctima permaneci\u00f3 casi una hora agonizando en el lugar hasta que finalmente falleci\u00f3.<\/p>\n\n\n\n<p><strong>El hecho de sangre ocurri\u00f3 sobre avenida Jujuy del barrio 9 de Julio&nbsp;<\/strong>y las circunstancias del ataque, como el autor del mismo, son materia de investigaci\u00f3n.<\/p>\n\n\n\n<p><strong>Vecinos y testigos afirmaron que en el sector donde ocurri\u00f3 el crimen se produjo un enfrentamiento entre varios j\u00f3venes<\/strong>.<\/p>\n\n\n\n<p>En la gresca callejera se encontraba la v\u00edctima que fue atacada con un arma blanca, lo que le provoc\u00f3 una herida de gravedad que lo llev\u00f3 a la muerte.<\/p>\n\n\n\n<p><strong>Tras el enfrentamiento vecinos y familiares de la v\u00edctima denunciaron la ambulancia del SAME 107 tard\u00f3 cerca de 40 minutos en llegar<\/strong>. En ese lapso de tiempo el joven falleci\u00f3.<\/p>\n\n\n\n<p>Posteriormente arribaron al lugar personal de Criminal\u00edstica, Brigada de Investigaciones y del Ministerio P\u00fablico de la Acusaci\u00f3n para realizar las tareas de preservaci\u00f3n de la escena y la toma de declaraci\u00f3n de los primeros testigos.<\/p>\n\n\n\n<p><strong>Por el momento no hay detenidos<\/strong>.<\/p>\n","protected":false},"excerpt":{"rendered":"<p>Ocurri\u00f3 en la madrugada de este lunes sobre avenida Jujuy del barrio 9 de Julio de esa ciudad. Fuentes policiales confirmaron que en la madrugada de este lunes&nbsp;un joven fue apu\u00f1alado en el cuello con un arma blanca. La v\u00edctima permaneci\u00f3 casi una hora agonizando en el lugar hasta que finalmente falleci\u00f3. El hecho de [&hellip;]<\/p>\n","protected":false},"author":7,"featured_media":17568,"comment_status":"open","ping_status":"open","sticky":false,"template":"","format":"standard","meta":{"_themeisle_gutenberg_block_has_review":false,"footnotes":""},"categories":[2877],"tags":[58],"class_list":["post-17567","post","type-post","status-publish","format-standard","has-post-thumbnail","hentry","category-crimen-y-justicia","tag-jujuy"],"_links":{"self":[{"href":"https:\/\/horapicodigital.com.ar\/index.php\/wp-json\/wp\/v2\/posts\/17567","targetHints":{"allow":["GET"]}}],"collection":[{"href":"https:\/\/horapicodigital.com.ar\/index.php\/wp-json\/wp\/v2\/posts"}],"about":[{"href":"https:\/\/horapicodigital.com.ar\/index.php\/wp-json\/wp\/v2\/types\/post"}],"author":[{"embeddable":true,"href":"https:\/\/horapicodigital.com.ar\/index.php\/wp-json\/wp\/v2\/users\/7"}],"replies":[{"embeddable":true,"href":"https:\/\/horapicodigital.com.ar\/index.php\/wp-json\/wp\/v2\/comments?post=17567"}],"version-history":[{"count":1,"href":"https:\/\/horapicodigital.com.ar\/index.php\/wp-json\/wp\/v2\/posts\/17567\/revisions"}],"predecessor-version":[{"id":17569,"href":"https:\/\/horapicodigital.com.ar\/index.php\/wp-json\/wp\/v2\/posts\/17567\/revisions\/17569"}],"wp:featuredmedia":[{"embeddable":true,"href":"https:\/\/horapicodigital.com.ar\/index.php\/wp-json\/wp\/v2\/media\/17568"}],"wp:attachment":[{"href":"https:\/\/horapicodigital.com.ar\/index.php\/wp-json\/wp\/v2\/media?parent=17567"}],"wp:term":[{"taxonomy":"category","embeddable":true,"href":"https:\/\/horapicodigital.com.ar\/index.php\/wp-json\/wp\/v2\/categories?post=17567"},{"taxonomy":"post_tag","embeddable":true,"href":"https:\/\/horapicodigital.com.ar\/index.php\/wp-json\/wp\/v2\/tags?post=17567"}],"curies":[{"name":"wp","href":"https:\/\/api.w.org\/{rel}","templated":true}]}}