{"id":17563,"date":"2025-11-16T10:04:02","date_gmt":"2025-11-16T13:04:02","guid":{"rendered":"https:\/\/horapicodigital.com.ar\/?p=17563"},"modified":"2025-11-16T10:04:03","modified_gmt":"2025-11-16T13:04:03","slug":"paracetamol-y-embarazo-un-nuevo-estudio-desmiente-el-mito-del-autismo","status":"publish","type":"post","link":"https:\/\/horapicodigital.com.ar\/index.php\/2025\/11\/16\/paracetamol-y-embarazo-un-nuevo-estudio-desmiente-el-mito-del-autismo\/","title":{"rendered":"Paracetamol y embarazo: un nuevo estudio desmiente el mito del autismo"},"content":{"rendered":"\n<p>Un nuevo estudio descart\u00f3 evidencia s\u00f3lida vinculando paracetamol y embarazo con autismo o trastorno d\u00e9ficit atenci\u00f3n hiperactividad. Qu\u00e9 dicen los expertos.<\/p>\n\n\n\n<p>Una nueva revisi\u00f3n exhaustiva no encontr\u00f3 ninguna relaci\u00f3n clara entre la toma de paracetamol durante el\u00a0<strong>embarazo<\/strong>, y el autismo y el TDAH en los ni\u00f1os. Qu\u00e9 dijeron los expertos, los detalles, en la nota.<\/p>\n\n\n\n<h2 class=\"wp-block-heading\"><strong>Un nuevo estudio descarta el v\u00ednculo del uso de paracetamol en el embarazo<\/strong><\/h2>\n\n\n\n<p>Un nuevo estudio publicado en British Medical Journal (BMJ) liderado por la Universidad de Liverpool&nbsp;<strong>descart\u00f3 evidencia s\u00f3lida vinculando paracetamol<\/strong>&nbsp;en el embarazo con autismo o trastorno d\u00e9ficit atenci\u00f3n hiperactividad (TDAH) en ni\u00f1os.<\/p>\n\n\n\n<p>Los investigadores examinaron todos los estudios sobre el tema y concluyeron que&nbsp;<strong>eran de baja calidad<\/strong>, con una credibilidad de \u201c<strong>baja a cr\u00edticamente baja<\/strong>\u201d en cualquier hallazgo que sugiriera una relaci\u00f3n.<\/p>\n\n\n\n<p>Afirmaron que \u201cfaltaban pruebas s\u00f3lidas que relacionaran el consumo de paracetamol durante el embarazo con el autismo y el TDAH en la descendencia\u201d.<\/p>\n\n\n\n<p>El equipo tambi\u00e9n sugiri\u00f3 que cualquier relaci\u00f3n aparente entre el paracetamol y el autismo y el TDAH en estudios anteriores&nbsp;<strong>podr\u00eda deberse a factores gen\u00e9ticos<\/strong>&nbsp;y ambientales compartidos dentro de las familias.<\/p>\n\n\n\n<p>Adem\u00e1s, la fiebre no tratada, sobre todo en el primer trimestre, se relacion\u00f3 con un&nbsp;<strong>mayor riesgo de aborto<\/strong>, malformaciones cong\u00e9nitas y parto prematuro, lo que subraya la necesidad de que las mujeres puedan tomar paracetamol.<\/p>\n\n\n\n<p>Para el \u00faltimo estudio, los investigadores examinaron nueve verificaciones sistem\u00e1ticas que inclu\u00edan un total de&nbsp;<strong>40 estudios observacionales<\/strong>, los cuales informaban sobre el uso de paracetamol durante el embarazo y el riesgo de autismo, TDAH u otros resultados del neurodesarrollo.<\/p>\n\n\n\n<p>\u201cCualquier efecto aparente observado tras la exposici\u00f3n in utero al paracetamol sobre el autismo y el TDAH en la infancia podr\u00eda deberse a factores gen\u00e9ticos y ambientales familiares y a&nbsp;<strong>factores de confusi\u00f3n no medidos<\/strong>\u201d, a\u00f1adieron.<\/p>\n\n\n\n<p>Por su parte, Dimitrios Siassakos, catedr\u00e1tico de obstetricia y ginecolog\u00eda del University College de Londres, declar\u00f3 que \u201cla metodolog\u00eda de alta calidad empleada en esta nueva revisi\u00f3n general&nbsp;<strong>confirma lo que han venido diciendo expertos<\/strong>&nbsp;de todo el mundo\u201d.<\/p>\n\n\n\n<p>Y agreg\u00f3 que \u201c<strong>las pruebas<\/strong>&nbsp;que relacionan el uso de paracetamol en el embarazo con el autismo&nbsp;<strong>son tenues<\/strong>, y los estudios que s\u00ed informan de una asociaci\u00f3n est\u00e1n confundidos por la relaci\u00f3n del autismo o el TDAH con factores compartidos por las familias, como la gen\u00e9tica y el estilo de vida\u201d.<\/p>\n\n\n\n<h2 class=\"wp-block-heading\"><strong>Las pol\u00e9micas declaraciones de Trump sobre el embarazo y el paracetamol<\/strong><\/h2>\n\n\n\n<p>En septiembre de este a\u00f1o, Donald Trump, presidente de Estados Unidos, hizo declaraciones en el Despacho Oval junto al secretario de Salud, Robert F. Kennedy Jr donde&nbsp;<strong>apuntaron directamente a la empresa farmace\u00fatica Kenvue<\/strong>, fabricante del Tylenol, el cual tiene como ingrediente principal al paracetamol.<\/p>\n\n\n\n<p>En esa oportunidad, el mandatario estadounidense hab\u00eda declarado que \u201c<strong>no tomen Tylenol<\/strong>\u201d, aconsej\u00f3 Trump a las embarazadas una docena de veces durante la ca\u00f3tica conferencia de prensa en la Casa Blanca, instando tambi\u00e9n a las madres a no darles a sus beb\u00e9s el medicamento, conocido por el nombre gen\u00e9rico de acetaminof\u00e9n.<\/p>\n\n\n\n<p>\u201cHay un rumor, y no s\u00e9 si es cierto o no, de que en Cuba no tienen Tylenol porque no tienen dinero para comprarlo. Y pr\u00e1cticamente no tienen autismo\u201d, dijo Trump. \u201c<strong>Los amish<\/strong>, por ejemplo. Pr\u00e1cticamente&nbsp;<strong>no tienen autismo<\/strong>\u201d, agreg\u00f3 sobre la comunidad \u00e9tnicoreligiosa.<\/p>\n\n\n\n<p>En ese sentido, la empresa farmac\u00e9utica hab\u00eda manifestado que \u00abcreemos que la ciencia independiente y s\u00f3lida demuestra claramente que&nbsp;<strong>tomar acetaminof\u00e9n no causa autismo<\/strong>. Estamos totalmente en desacuerdo con cualquier sugerencia en contrario y&nbsp;<strong>nos preocupa profundamente<\/strong>&nbsp;el riesgo para la salud que esto supone para las mujeres embarazadas\u00bb.<\/p>\n","protected":false},"excerpt":{"rendered":"<p>Un nuevo estudio descart\u00f3 evidencia s\u00f3lida vinculando paracetamol y embarazo con autismo o trastorno d\u00e9ficit atenci\u00f3n hiperactividad. Qu\u00e9 dicen los expertos. Una nueva revisi\u00f3n exhaustiva no encontr\u00f3 ninguna relaci\u00f3n clara entre la toma de paracetamol durante el\u00a0embarazo, y el autismo y el TDAH en los ni\u00f1os. Qu\u00e9 dijeron los expertos, los detalles, en la nota. [&hellip;]<\/p>\n","protected":false},"author":7,"featured_media":17564,"comment_status":"open","ping_status":"open","sticky":false,"template":"","format":"standard","meta":{"_themeisle_gutenberg_block_has_review":false,"footnotes":""},"categories":[11,2854],"tags":[971,19,85],"class_list":["post-17563","post","type-post","status-publish","format-standard","has-post-thumbnail","hentry","category-salud","category-seguridad","tag-milei","tag-mundo","tag-pais"],"_links":{"self":[{"href":"https:\/\/horapicodigital.com.ar\/index.php\/wp-json\/wp\/v2\/posts\/17563","targetHints":{"allow":["GET"]}}],"collection":[{"href":"https:\/\/horapicodigital.com.ar\/index.php\/wp-json\/wp\/v2\/posts"}],"about":[{"href":"https:\/\/horapicodigital.com.ar\/index.php\/wp-json\/wp\/v2\/types\/post"}],"author":[{"embeddable":true,"href":"https:\/\/horapicodigital.com.ar\/index.php\/wp-json\/wp\/v2\/users\/7"}],"replies":[{"embeddable":true,"href":"https:\/\/horapicodigital.com.ar\/index.php\/wp-json\/wp\/v2\/comments?post=17563"}],"version-history":[{"count":1,"href":"https:\/\/horapicodigital.com.ar\/index.php\/wp-json\/wp\/v2\/posts\/17563\/revisions"}],"predecessor-version":[{"id":17565,"href":"https:\/\/horapicodigital.com.ar\/index.php\/wp-json\/wp\/v2\/posts\/17563\/revisions\/17565"}],"wp:featuredmedia":[{"embeddable":true,"href":"https:\/\/horapicodigital.com.ar\/index.php\/wp-json\/wp\/v2\/media\/17564"}],"wp:attachment":[{"href":"https:\/\/horapicodigital.com.ar\/index.php\/wp-json\/wp\/v2\/media?parent=17563"}],"wp:term":[{"taxonomy":"category","embeddable":true,"href":"https:\/\/horapicodigital.com.ar\/index.php\/wp-json\/wp\/v2\/categories?post=17563"},{"taxonomy":"post_tag","embeddable":true,"href":"https:\/\/horapicodigital.com.ar\/index.php\/wp-json\/wp\/v2\/tags?post=17563"}],"curies":[{"name":"wp","href":"https:\/\/api.w.org\/{rel}","templated":true}]}}