{"id":17552,"date":"2025-11-16T09:55:56","date_gmt":"2025-11-16T12:55:56","guid":{"rendered":"https:\/\/horapicodigital.com.ar\/?p=17552"},"modified":"2025-11-16T09:55:57","modified_gmt":"2025-11-16T12:55:57","slug":"llego-el-dia-se-realiza-una-nueva-edicion-de-la-maraton-jujuy-corre","status":"publish","type":"post","link":"https:\/\/horapicodigital.com.ar\/index.php\/2025\/11\/16\/llego-el-dia-se-realiza-una-nueva-edicion-de-la-maraton-jujuy-corre\/","title":{"rendered":"Lleg\u00f3 el d\u00eda: se realiza una nueva edici\u00f3n de la marat\u00f3n \u00abJujuy Corre\u00bb"},"content":{"rendered":"\n<p>Llega una nueva edici\u00f3n de<strong>\u00a0\u00abJujuy Corre\u00bb<\/strong>, una de las maratones m\u00e1s importantes del norte argentino que contar\u00e1 con la presencia de Guillermo Lobo de TN.<\/p>\n\n\n\n<p>Este domingo 16 de noviembre, San Salvador de Jujuy vivir\u00e1 una nueva edici\u00f3n de<strong>\u00a0Jujuy Corre 2025<\/strong><a href=\"https:\/\/www.todojujuy.com\/jujuy\/la-campana-contra-el-bullying-no-mas-bardo-se-suma-jujuy-corre-n281787\" target=\"_blank\" rel=\"noreferrer noopener\"><\/a>, una de las competencias m\u00e1s esperadas del calendario deportivo provincial. La largada y llegada estar\u00e1n ubicadas en\u00a0<strong>Ciudad Cultural<\/strong>, punto central del evento que recorrer\u00e1 los sitios m\u00e1s representativos de la capital juje\u00f1a. La carrera contar\u00e1 con circuitos de\u00a0<strong>21K, 10K, 5K y 2K inclusivo y participativo<\/strong>, pensados para todas las edades y niveles.<\/p>\n\n\n\n<p>La largada est\u00e1 prevista para las 8am desde la Avenida de los Estudiantes ubicada en el predio de Alto Padilla y se espera una gran concurrencia.<\/p>\n\n\n\n<h2 class=\"wp-block-heading\">Una experiencia para todos los corredores<\/h2>\n\n\n\n<p>Jujuy Corre 2025 invita a participar a corredores experimentados, aficionados y familias que buscan disfrutar del deporte en un entorno urbano. Cada categor\u00eda ofrecer\u00e1 un recorrido adaptado al nivel de exigencia, con el objetivo de fomentar la participaci\u00f3n y la vida activa.<\/p>\n\n\n\n<p>El circuito atravesar\u00e1 puntos ic\u00f3nicos de la ciudad como&nbsp;<strong>la Casa de Gobierno<\/strong>,&nbsp;<strong>el Cabildo<\/strong>,&nbsp;<strong>la Plaza Belgrano<\/strong>,&nbsp;<strong>el Parque Xibi Xibi<\/strong>&nbsp;y&nbsp;<strong>la Ciudad de las Artes<\/strong>, en una propuesta que combina deporte, historia y paisajes urbanos.<\/p>\n\n\n\n<h2 class=\"wp-block-heading\">Guillermo Lobo estar\u00e1 en la marat\u00f3n y transmitir\u00e1 para TN<\/h2>\n\n\n\n<p>Adem\u00e1s llegar\u00e1 a la provincia el periodista juje\u00f1o Guillermo Lobo, que trabaja en TN desde hace varios a\u00f1os y realizar\u00e1 salidas para todo el pa\u00eds con una cobertura especial, tal como lo hizo en las otras ediciones.<\/p>\n\n\n\n<p>Por \u00faltimo, Mariel Sadir, Directora del \u00c1rea de Inclusi\u00f3n de la Municipalidad, tambi\u00e9n formar\u00e1 parte de esta edici\u00f3n junto a la categor\u00eda participativa de los 2k: \u201cLa idea es que todos puedan asistir, adultos mayores, ni\u00f1os, no solamente personas con discapacidad. Estamos muy felices ya que consideramos que el deporte conecta con todos y salva vidas\u201d.<\/p>\n\n\n\n<h2 class=\"wp-block-heading\">Restricciones de tr\u00e1nsito y cortes<\/h2>\n\n\n\n<p>Desde la Municipalidad de San Salvador de Jujuy informaron que entre las&nbsp;<strong>08:00 y las 14:00<\/strong>, ya se aplicar\u00e1n cortes y restricciones en distintos sectores de la ciudad. La competencia tendr\u00e1 como punto de partida y llegada la&nbsp;<strong>Ciudad Cultural<\/strong>&nbsp;y recorrer\u00e1 m\u00e1s de una veintena de arterias c\u00e9ntricas y perif\u00e9ricas.<\/p>\n\n\n\n<h2 class=\"wp-block-heading\">Recorrido de la competencia<\/h2>\n\n\n\n<p>La marat\u00f3n iniciar\u00e1 en la Ciudad Cultural y avanzar\u00e1 por un extenso circuito compuesto por:<\/p>\n\n\n\n<p><strong>Av. de los Estudiantes, Av. Bolivia, C\u00f3rdoba, Salta, Urquiza, Sarmiento, San Mart\u00edn, Italia, Belgrano, Arga\u00f1araz, Urquiza, Presidente San Mart\u00edn, Balb\u00edn, General Arias, Av. Alfons\u00edn, Irigoyen, ciclov\u00eda Pco. Marshke, Av. General Savio, Italia, Bad\u00e9n Almirante Brown, Parque Xibi Xibi, Senador P\u00e9rez, Av. Fascio, Comandante P\u00e9rez, Airampo, Av. Bolivia y Av. de los Estudiantes.<\/strong><\/p>\n\n\n\n<p>La circulaci\u00f3n se ver\u00e1 afectada de manera progresiva a medida que los corredores avancen por cada tramo del trazado.<\/p>\n\n\n\n<h2 class=\"wp-block-heading\">Cortes y restricciones de tr\u00e1nsito<\/h2>\n\n\n\n<p>La Direcci\u00f3n de Tr\u00e1nsito y Transporte dispuso:<\/p>\n\n\n\n<ul class=\"wp-block-list\">\n<li><strong>Corte total<\/strong>\u00a0en la\u00a0<strong>calle interna de Ciudad Cultural<\/strong>, frente al sector de Food Trucks.<\/li>\n\n\n\n<li><strong>Restricci\u00f3n de un carril<\/strong>\u00a0en\u00a0<strong>Av. General Savio<\/strong>, desde Riobamba hasta el paso a nivel cercano a la Fuente de las Am\u00e9ricas, frente al estadio \u201c23 de Agosto\u201d.<\/li>\n<\/ul>\n\n\n\n<p>Estas medidas se mantendr\u00e1n durante toda la competencia para garantizar la seguridad de los participantes.<\/p>\n\n\n\n<h2 class=\"wp-block-heading\">Paradas de colectivos anuladas<\/h2>\n\n\n\n<p>Durante el desarrollo de la marat\u00f3n, quedar\u00e1n&nbsp;<strong>sin funcionamiento<\/strong>&nbsp;las siguientes paradas del transporte urbano:<\/p>\n\n\n\n<ul class=\"wp-block-list\">\n<li><strong>Ex Apeadero<\/strong><\/li>\n\n\n\n<li><strong>Maxi Comod\u00edn<\/strong>\u00a0(parada ubicada sobre la misma zona)<\/li>\n<\/ul>\n\n\n\n<p>Se recomienda a los usuarios prever recorridos alternativos durante el horario del evento.<\/p>\n\n\n\n<h2 class=\"wp-block-heading\">Zonas de especial precauci\u00f3n<\/h2>\n\n\n\n<p>Tr\u00e1nsito solicit\u00f3 circular con extremo cuidado en los siguientes puntos, donde el cruce de corredores ser\u00e1 constante:<\/p>\n\n\n\n<ul class=\"wp-block-list\">\n<li>Av. Italia y Palanca<\/li>\n\n\n\n<li>Senador P\u00e9rez y 19 de Abril<\/li>\n\n\n\n<li>Santib\u00e1\u00f1ez y Alvarado<\/li>\n\n\n\n<li>Patricias Argentinas y Santib\u00e1\u00f1ez<\/li>\n\n\n\n<li>Ca\u00eddos y Santib\u00e1\u00f1ez<\/li>\n\n\n\n<li>Airampo y Santib\u00e1\u00f1ez<\/li>\n\n\n\n<li>Acceso a Ciudad Cultural<\/li>\n<\/ul>\n\n\n\n<p>El personal de tr\u00e1nsito estar\u00e1 presente en cada punto para guiar a conductores y peatones.<\/p>\n","protected":false},"excerpt":{"rendered":"<p>Llega una nueva edici\u00f3n de\u00a0\u00abJujuy Corre\u00bb, una de las maratones m\u00e1s importantes del norte argentino que contar\u00e1 con la presencia de Guillermo Lobo de TN. Este domingo 16 de noviembre, San Salvador de Jujuy vivir\u00e1 una nueva edici\u00f3n de\u00a0Jujuy Corre 2025, una de las competencias m\u00e1s esperadas del calendario deportivo provincial. La largada y llegada [&hellip;]<\/p>\n","protected":false},"author":7,"featured_media":17553,"comment_status":"open","ping_status":"open","sticky":false,"template":"","format":"standard","meta":{"_themeisle_gutenberg_block_has_review":false,"footnotes":""},"categories":[10,2714],"tags":[58],"class_list":["post-17552","post","type-post","status-publish","format-standard","has-post-thumbnail","hentry","category-deportes","category-shows-y-eventos","tag-jujuy"],"_links":{"self":[{"href":"https:\/\/horapicodigital.com.ar\/index.php\/wp-json\/wp\/v2\/posts\/17552","targetHints":{"allow":["GET"]}}],"collection":[{"href":"https:\/\/horapicodigital.com.ar\/index.php\/wp-json\/wp\/v2\/posts"}],"about":[{"href":"https:\/\/horapicodigital.com.ar\/index.php\/wp-json\/wp\/v2\/types\/post"}],"author":[{"embeddable":true,"href":"https:\/\/horapicodigital.com.ar\/index.php\/wp-json\/wp\/v2\/users\/7"}],"replies":[{"embeddable":true,"href":"https:\/\/horapicodigital.com.ar\/index.php\/wp-json\/wp\/v2\/comments?post=17552"}],"version-history":[{"count":1,"href":"https:\/\/horapicodigital.com.ar\/index.php\/wp-json\/wp\/v2\/posts\/17552\/revisions"}],"predecessor-version":[{"id":17554,"href":"https:\/\/horapicodigital.com.ar\/index.php\/wp-json\/wp\/v2\/posts\/17552\/revisions\/17554"}],"wp:featuredmedia":[{"embeddable":true,"href":"https:\/\/horapicodigital.com.ar\/index.php\/wp-json\/wp\/v2\/media\/17553"}],"wp:attachment":[{"href":"https:\/\/horapicodigital.com.ar\/index.php\/wp-json\/wp\/v2\/media?parent=17552"}],"wp:term":[{"taxonomy":"category","embeddable":true,"href":"https:\/\/horapicodigital.com.ar\/index.php\/wp-json\/wp\/v2\/categories?post=17552"},{"taxonomy":"post_tag","embeddable":true,"href":"https:\/\/horapicodigital.com.ar\/index.php\/wp-json\/wp\/v2\/tags?post=17552"}],"curies":[{"name":"wp","href":"https:\/\/api.w.org\/{rel}","templated":true}]}}