{"id":17549,"date":"2025-11-14T09:22:04","date_gmt":"2025-11-14T12:22:04","guid":{"rendered":"https:\/\/horapicodigital.com.ar\/?p=17549"},"modified":"2025-11-14T09:22:05","modified_gmt":"2025-11-14T12:22:05","slug":"mate-a-mi-ex-confeso-el-femicida-de-daniela-mamani","status":"publish","type":"post","link":"https:\/\/horapicodigital.com.ar\/index.php\/2025\/11\/14\/mate-a-mi-ex-confeso-el-femicida-de-daniela-mamani\/","title":{"rendered":"\u201cMat\u00e9 a mi ex\u201d, confes\u00f3 el femicida de Daniela Mamani"},"content":{"rendered":"\n<p>Mat\u00edas Tinte (36), expareja de la v\u00edctima, se present\u00f3 en la Seccional 1\u00b0 y se lo revel\u00f3 a los efectivos.\u00a0La mujer ten\u00eda heridas compatibles con arma blanca. Hoy dictar\u00e1n preventiva e imputar\u00e1n al acusado.<\/p>\n\n\n\n<p>La Justicia juje\u00f1a confirm\u00f3 que Daniela Araceli Mamani (31) fue asesinada por su expareja, quien se entreg\u00f3 en una dependencia policial y confes\u00f3 el femicidio. Hoy el acusado ser\u00e1 imputado de manera formal y se dictar\u00e1 su prisi\u00f3n preventiva. Esta jornada tambi\u00e9n se realizar\u00e1 la autopsia al cuerpo de la v\u00edctima en la morgue del Poder Judicial del barrio Alto Comedero.<\/p>\n\n\n\n<p>Hay que recordar que el cruento crimen ocurri\u00f3 entre la noche del lunes y madrugada del martes pasado, en un inquilinato del barrio Gorriti de la ciudad capital. Una fuente cercana a la investigaci\u00f3n confi\u00f3 a este diario que el pasado martes alrededor de las 7.50, un hombre se present\u00f3 por su propios medios en la Seccional 1\u00b0 del centro capitalino y confes\u00f3 a los efectivos: \u201cComet\u00ed un error, mate a mi ex\u201d. El inculpado fue identificado por la Polic\u00eda como Mat\u00edas Manuel Tinte de 36 a\u00f1os y qued\u00f3 detenido en la mencionada dependencia. Asimismo, una comisi\u00f3n de efectivos policiales se constituy\u00f3 de inmediato en el domicilio, ubicado en la calle Campero al 400 del barrio Gorriti, donde encontraron a la v\u00edctima muerta y con heridas compatibles con arma blanca..<\/p>\n\n\n\n<p>Por otra parte, se estableci\u00f3 que hoy tendr\u00e1 lugar una audiencia en la que Tinte ser\u00e1 imputado de manera formal y se dictara su prisi\u00f3n preventiva. De acuerdo a una fuente consultada por este diario, ser\u00e1 imputado por el delito de \u201chomicidio doblemente agravado por la relaci\u00f3n de pareja preexistente y por mediar violencia de g\u00e9nero\u201d, que prev\u00e9 condena de prisi\u00f3n perpetua. Para esta jornada tambi\u00e9n se espera que en la morgue del Poder Judicial del barrio Alto Comedero se realice la autopsia al cuerpo de la v\u00edctima, para determinar las causales del deceso.<\/p>\n\n\n\n<p><strong>Sobre la investigaci\u00f3n<\/strong><\/p>\n\n\n\n<p>Si bien la investigaci\u00f3n gira alrededor de un estricto hermetismo, y desde el Ministerio P\u00fablico de la Acusaci\u00f3n se decidi\u00f3 mantener el secreto de sumario, este diario pudo saber que el episodio se registr\u00f3 entre la noche del lunes y la madrugada del martes pasado en un inquilinato de la calle Campero al 400 del barrio Gorriti de la capital juje\u00f1a. All\u00ed, inquilinos escucharon una acalorada discusi\u00f3n de una pareja y luego, a una mujer que ped\u00eda auxilio.<\/p>\n\n\n\n<p>De inmediato los vecinos alertaron al sistema de emergencia 911 sobre un presunto hecho de violencia de g\u00e9nero en progreso. Seg\u00fan consta en el libro de novedades policiales, dos efectivos llegaron a bordo de un m\u00f3vil oficial al inmueble, pero se habr\u00edan negado a ingresar manifestando no contar con la autorizaci\u00f3n del fiscal especializado en estos tipos de delitos. Alrededor de las 7.50 del martes, Mat\u00edas Manuel Tinte (36) se present\u00f3 de manera espont\u00e1nea en la Seccional 1\u00b0 y confes\u00f3 a los efectivos: \u201cComet\u00ed un error, mat\u00e9 a mi ex\u201d. Posteriormente una comisi\u00f3n policial se present\u00f3 en el mismo inquilinato, donde encontraron el cuerpo de la v\u00edctima.<\/p>\n","protected":false},"excerpt":{"rendered":"<p>Mat\u00edas Tinte (36), expareja de la v\u00edctima, se present\u00f3 en la Seccional 1\u00b0 y se lo revel\u00f3 a los efectivos.\u00a0La mujer ten\u00eda heridas compatibles con arma blanca. Hoy dictar\u00e1n preventiva e imputar\u00e1n al acusado. La Justicia juje\u00f1a confirm\u00f3 que Daniela Araceli Mamani (31) fue asesinada por su expareja, quien se entreg\u00f3 en una dependencia policial [&hellip;]<\/p>\n","protected":false},"author":7,"featured_media":17550,"comment_status":"open","ping_status":"open","sticky":false,"template":"","format":"standard","meta":{"_themeisle_gutenberg_block_has_review":false,"footnotes":""},"categories":[2877,34],"tags":[58],"class_list":["post-17549","post","type-post","status-publish","format-standard","has-post-thumbnail","hentry","category-crimen-y-justicia","category-policiales","tag-jujuy"],"_links":{"self":[{"href":"https:\/\/horapicodigital.com.ar\/index.php\/wp-json\/wp\/v2\/posts\/17549","targetHints":{"allow":["GET"]}}],"collection":[{"href":"https:\/\/horapicodigital.com.ar\/index.php\/wp-json\/wp\/v2\/posts"}],"about":[{"href":"https:\/\/horapicodigital.com.ar\/index.php\/wp-json\/wp\/v2\/types\/post"}],"author":[{"embeddable":true,"href":"https:\/\/horapicodigital.com.ar\/index.php\/wp-json\/wp\/v2\/users\/7"}],"replies":[{"embeddable":true,"href":"https:\/\/horapicodigital.com.ar\/index.php\/wp-json\/wp\/v2\/comments?post=17549"}],"version-history":[{"count":1,"href":"https:\/\/horapicodigital.com.ar\/index.php\/wp-json\/wp\/v2\/posts\/17549\/revisions"}],"predecessor-version":[{"id":17551,"href":"https:\/\/horapicodigital.com.ar\/index.php\/wp-json\/wp\/v2\/posts\/17549\/revisions\/17551"}],"wp:featuredmedia":[{"embeddable":true,"href":"https:\/\/horapicodigital.com.ar\/index.php\/wp-json\/wp\/v2\/media\/17550"}],"wp:attachment":[{"href":"https:\/\/horapicodigital.com.ar\/index.php\/wp-json\/wp\/v2\/media?parent=17549"}],"wp:term":[{"taxonomy":"category","embeddable":true,"href":"https:\/\/horapicodigital.com.ar\/index.php\/wp-json\/wp\/v2\/categories?post=17549"},{"taxonomy":"post_tag","embeddable":true,"href":"https:\/\/horapicodigital.com.ar\/index.php\/wp-json\/wp\/v2\/tags?post=17549"}],"curies":[{"name":"wp","href":"https:\/\/api.w.org\/{rel}","templated":true}]}}