{"id":17543,"date":"2025-11-14T09:16:33","date_gmt":"2025-11-14T12:16:33","guid":{"rendered":"https:\/\/horapicodigital.com.ar\/?p=17543"},"modified":"2025-11-14T09:16:34","modified_gmt":"2025-11-14T12:16:34","slug":"cortes-y-desvios-de-transito-por-el-desfile-civico-y-gaucho-en-alto-comedero","status":"publish","type":"post","link":"https:\/\/horapicodigital.com.ar\/index.php\/2025\/11\/14\/cortes-y-desvios-de-transito-por-el-desfile-civico-y-gaucho-en-alto-comedero\/","title":{"rendered":"Cortes y desv\u00edos de tr\u00e1nsito por el Desfile C\u00edvico y Gaucho en Alto Comedero"},"content":{"rendered":"\n<p>S\u00e1bado 15 de noviembre, en avenida Forestal, entre Snopek y El Chalic\u00e1n.<\/p>\n\n\n\n<p>La Secretar\u00eda de Servicios P\u00fablicos de la Municipalidad de San Salvador de Jujuy, a trav\u00e9s de la Direcci\u00f3n de Tr\u00e1nsito y Transporte, informa a la comunidad que, con motivo de la realizaci\u00f3n del Desfile C\u00edvico y Gaucho en conmemoraci\u00f3n del D\u00eda de la Tradici\u00f3n, se implementar\u00e1n medidas especiales de ordenamiento vehicular el s\u00e1bado 15 de noviembre, en avenida Forestal, entre Snopek y El Chalic\u00e1n, del barrio Alto Comedero.<\/p>\n\n\n\n<h3 class=\"wp-block-heading\">Cortes de tr\u00e1nsito<\/h3>\n\n\n\n<p>Durante la jornada se efectuar\u00e1n cortes totales desde las 9 hs .en las siguientes intersecciones:<\/p>\n\n\n\n<ul class=\"wp-block-list\">\n<li>Forestal y Aguas Calientes<\/li>\n\n\n\n<li>Aguas Calientes y Yuto<\/li>\n\n\n\n<li>El Palmar y Yuto<\/li>\n\n\n\n<li>N\u00edvoli y Bolz\u00e1n<\/li>\n\n\n\n<li>Snopek y Yuto<\/li>\n\n\n\n<li>Yuto y El Arenal<\/li>\n\n\n\n<li>Mina 9 de Octubre y Yuto<\/li>\n\n\n\n<li>El Chalic\u00e1n y Forestal<\/li>\n<\/ul>\n\n\n\n<p>Asimismo, se proh\u00edbe el estacionamiento y la circulaci\u00f3n vehicular sobre calle El Chalic\u00e1n, en el tramo comprendido entre Yuto y avenida Forestal, a fin de garantizar la seguridad de los participantes y del p\u00fablico asistente.<\/p>\n\n\n\n<p>Con respecto al transporte p\u00fablico de pasajeros, algunas l\u00edneas modificar\u00e1n sus recorridos de retorno:<\/p>\n\n\n\n<ul class=\"wp-block-list\">\n<li><strong>L\u00edneas 7 y 45<\/strong>\n<ul class=\"wp-block-list\">\n<li><em>Ida:<\/em>\u00a0recorrido habitual, sin modificaciones.<\/li>\n\n\n\n<li><em>Vuelta:<\/em>\u00a0Av. Forestal \u2013 Parapet\u00ed \u2013 Av. Yuto \u2013 El Palmar \u2013 La Mendieta \u2013 El Chalic\u00e1n \u2013 recorrido habitual.<\/li>\n<\/ul>\n<\/li>\n\n\n\n<li><strong>L\u00ednea 1<\/strong>\n<ul class=\"wp-block-list\">\n<li><em>Ida:<\/em>\u00a0recorrido habitual, sin modificaciones.<\/li>\n\n\n\n<li><em>Vuelta:<\/em>\u00a0Av. Forestal \u2013 Parapet\u00ed \u2013 Av. Yuto \u2013 El Palmar \u2013 La Mendieta \u2013 El Chalic\u00e1n \u2013 Av. Forestal \u2013 recorrido habitual.<\/li>\n<\/ul>\n<\/li>\n<\/ul>\n\n\n\n<p>Desde el Municipio se solicita a los conductores respetar la se\u00f1alizaci\u00f3n y las indicaciones del personal de tr\u00e1nsito, as\u00ed como circular con precauci\u00f3n y planificar con antelaci\u00f3n sus desplazamientos, para evitar demoras y contribuir al normal desarrollo del evento tradicional.<\/p>\n","protected":false},"excerpt":{"rendered":"<p>S\u00e1bado 15 de noviembre, en avenida Forestal, entre Snopek y El Chalic\u00e1n. La Secretar\u00eda de Servicios P\u00fablicos de la Municipalidad de San Salvador de Jujuy, a trav\u00e9s de la Direcci\u00f3n de Tr\u00e1nsito y Transporte, informa a la comunidad que, con motivo de la realizaci\u00f3n del Desfile C\u00edvico y Gaucho en conmemoraci\u00f3n del D\u00eda de la [&hellip;]<\/p>\n","protected":false},"author":7,"featured_media":17544,"comment_status":"open","ping_status":"open","sticky":false,"template":"","format":"standard","meta":{"_themeisle_gutenberg_block_has_review":false,"footnotes":""},"categories":[2714],"tags":[58],"class_list":["post-17543","post","type-post","status-publish","format-standard","has-post-thumbnail","hentry","category-shows-y-eventos","tag-jujuy"],"_links":{"self":[{"href":"https:\/\/horapicodigital.com.ar\/index.php\/wp-json\/wp\/v2\/posts\/17543","targetHints":{"allow":["GET"]}}],"collection":[{"href":"https:\/\/horapicodigital.com.ar\/index.php\/wp-json\/wp\/v2\/posts"}],"about":[{"href":"https:\/\/horapicodigital.com.ar\/index.php\/wp-json\/wp\/v2\/types\/post"}],"author":[{"embeddable":true,"href":"https:\/\/horapicodigital.com.ar\/index.php\/wp-json\/wp\/v2\/users\/7"}],"replies":[{"embeddable":true,"href":"https:\/\/horapicodigital.com.ar\/index.php\/wp-json\/wp\/v2\/comments?post=17543"}],"version-history":[{"count":1,"href":"https:\/\/horapicodigital.com.ar\/index.php\/wp-json\/wp\/v2\/posts\/17543\/revisions"}],"predecessor-version":[{"id":17545,"href":"https:\/\/horapicodigital.com.ar\/index.php\/wp-json\/wp\/v2\/posts\/17543\/revisions\/17545"}],"wp:featuredmedia":[{"embeddable":true,"href":"https:\/\/horapicodigital.com.ar\/index.php\/wp-json\/wp\/v2\/media\/17544"}],"wp:attachment":[{"href":"https:\/\/horapicodigital.com.ar\/index.php\/wp-json\/wp\/v2\/media?parent=17543"}],"wp:term":[{"taxonomy":"category","embeddable":true,"href":"https:\/\/horapicodigital.com.ar\/index.php\/wp-json\/wp\/v2\/categories?post=17543"},{"taxonomy":"post_tag","embeddable":true,"href":"https:\/\/horapicodigital.com.ar\/index.php\/wp-json\/wp\/v2\/tags?post=17543"}],"curies":[{"name":"wp","href":"https:\/\/api.w.org\/{rel}","templated":true}]}}