{"id":17540,"date":"2025-11-14T09:14:19","date_gmt":"2025-11-14T12:14:19","guid":{"rendered":"https:\/\/horapicodigital.com.ar\/?p=17540"},"modified":"2025-11-14T09:14:20","modified_gmt":"2025-11-14T12:14:20","slug":"restricciones-de-transito-por-la-maraton-jujuy-corre","status":"publish","type":"post","link":"https:\/\/horapicodigital.com.ar\/index.php\/2025\/11\/14\/restricciones-de-transito-por-la-maraton-jujuy-corre\/","title":{"rendered":"Restricciones de tr\u00e1nsito por la Marat\u00f3n \u201cJujuy Corre\u201d"},"content":{"rendered":"\n<p>La competencia se desarrollar\u00e1 entre las 08:00 y las 14:00, el domingo 16 de noviembre.<br>La Direcci\u00f3n de Tr\u00e1nsito y Transporte, dependiente de la Secretar\u00eda de Servicios P\u00fablicos de la Municipalidad de San Salvador de Jujuy, informa a la comunidad que, con motivo de la realizaci\u00f3n de la Marat\u00f3n \u201cJujuy Corre\u201d, el domingo 16 de noviembre, se implementar\u00e1n cortes y restricciones en distintos sectores de la ciudad.<\/p>\n\n\n\n<p>La competencia se desarrollar\u00e1 entre las 08:00 y las 14:00 horas, teniendo como punto de partida y llegada la Ciudad Cultural, y recorrer\u00e1 las siguientes arterias: Av. de los Estudiantes, Av. Bolivia, C\u00f3rdoba, Salta, Urquiza, Sarmiento, San Mart\u00edn, Italia, Belgrano, Arga\u00f1araz, Urquiza, Pte. San Mart\u00edn, Balb\u00edn, Gral. Arias, Av. Alfons\u00edn, Irigoyen, Ciclov\u00eda Pco. Marshke, Av. Gral. Savio, Italia, Bad\u00e9n Almirante Brown, Parque Xibi Xibi, Senador P\u00e9rez, Av. Fascio, Comandante P\u00e9rez, Airampo, Av. Bolivia y Av. de los Estudiantes.<\/p>\n\n\n\n<h4 class=\"wp-block-heading\"><strong>Cortes y restricciones<\/strong><\/h4>\n\n\n\n<ul class=\"wp-block-list\">\n<li>Corte total: calle interna de Ciudad Cultural (frente a los Food Trucks).<\/li>\n\n\n\n<li>Restricci\u00f3n de circulaci\u00f3n: un carril de Av. General Savio, desde Riobamba hasta el paso a nivel ubicado a la altura de la Fuente de las Am\u00e9ricas (Estadio \u201c23 de Agosto\u201d).<\/li>\n<\/ul>\n\n\n\n<h4 class=\"wp-block-heading\"><strong>Paradas de colectivos<\/strong><\/h4>\n\n\n\n<p>Durante la competencia se anular\u00e1n las paradas ubicadas en Ex Apeadero y a la altura del Maxi Comod\u00edn.<\/p>\n","protected":false},"excerpt":{"rendered":"<p>La competencia se desarrollar\u00e1 entre las 08:00 y las 14:00, el domingo 16 de noviembre.La Direcci\u00f3n de Tr\u00e1nsito y Transporte, dependiente de la Secretar\u00eda de Servicios P\u00fablicos de la Municipalidad de San Salvador de Jujuy, informa a la comunidad que, con motivo de la realizaci\u00f3n de la Marat\u00f3n \u201cJujuy Corre\u201d, el domingo 16 de noviembre, [&hellip;]<\/p>\n","protected":false},"author":7,"featured_media":17541,"comment_status":"open","ping_status":"open","sticky":false,"template":"","format":"standard","meta":{"_themeisle_gutenberg_block_has_review":false,"footnotes":""},"categories":[2714],"tags":[58],"class_list":["post-17540","post","type-post","status-publish","format-standard","has-post-thumbnail","hentry","category-shows-y-eventos","tag-jujuy"],"_links":{"self":[{"href":"https:\/\/horapicodigital.com.ar\/index.php\/wp-json\/wp\/v2\/posts\/17540","targetHints":{"allow":["GET"]}}],"collection":[{"href":"https:\/\/horapicodigital.com.ar\/index.php\/wp-json\/wp\/v2\/posts"}],"about":[{"href":"https:\/\/horapicodigital.com.ar\/index.php\/wp-json\/wp\/v2\/types\/post"}],"author":[{"embeddable":true,"href":"https:\/\/horapicodigital.com.ar\/index.php\/wp-json\/wp\/v2\/users\/7"}],"replies":[{"embeddable":true,"href":"https:\/\/horapicodigital.com.ar\/index.php\/wp-json\/wp\/v2\/comments?post=17540"}],"version-history":[{"count":1,"href":"https:\/\/horapicodigital.com.ar\/index.php\/wp-json\/wp\/v2\/posts\/17540\/revisions"}],"predecessor-version":[{"id":17542,"href":"https:\/\/horapicodigital.com.ar\/index.php\/wp-json\/wp\/v2\/posts\/17540\/revisions\/17542"}],"wp:featuredmedia":[{"embeddable":true,"href":"https:\/\/horapicodigital.com.ar\/index.php\/wp-json\/wp\/v2\/media\/17541"}],"wp:attachment":[{"href":"https:\/\/horapicodigital.com.ar\/index.php\/wp-json\/wp\/v2\/media?parent=17540"}],"wp:term":[{"taxonomy":"category","embeddable":true,"href":"https:\/\/horapicodigital.com.ar\/index.php\/wp-json\/wp\/v2\/categories?post=17540"},{"taxonomy":"post_tag","embeddable":true,"href":"https:\/\/horapicodigital.com.ar\/index.php\/wp-json\/wp\/v2\/tags?post=17540"}],"curies":[{"name":"wp","href":"https:\/\/api.w.org\/{rel}","templated":true}]}}