{"id":17531,"date":"2025-11-14T09:02:05","date_gmt":"2025-11-14T12:02:05","guid":{"rendered":"https:\/\/horapicodigital.com.ar\/?p=17531"},"modified":"2025-11-14T09:02:06","modified_gmt":"2025-11-14T12:02:06","slug":"musica-con-alas-inclusion-cultura-y-musica-en-barrios-de-jujuy","status":"publish","type":"post","link":"https:\/\/horapicodigital.com.ar\/index.php\/2025\/11\/14\/musica-con-alas-inclusion-cultura-y-musica-en-barrios-de-jujuy\/","title":{"rendered":"\u00abM\u00fasica con ALAS\u00bb: inclusi\u00f3n, cultura y m\u00fasica en barrios de Jujuy"},"content":{"rendered":"\n<p>La Fundaci\u00f3n ALAS, presidida por Anal\u00eda Sivila, contin\u00faa desarrollando su proyecto social y cultural \u201cM\u00fasica con ALAS\u201d, una iniciativa con 16 a\u00f1os de trayectoria que brinda contenci\u00f3n a m\u00e1s de 300 ni\u00f1os y j\u00f3venes de San Salvador de Jujuy a trav\u00e9s de la m\u00fasica.<\/p>\n\n\n\n<p>Este proyecto, nacido en el barrio El Chingo como una acci\u00f3n preventiva de salud impulsada por la Dra. Mar\u00eda Joaquina Gurrieri, se ha expandido a otros sectores como Mariano Moreno -en articulaci\u00f3n con la Fundaci\u00f3n El Rescate- y recientemente al barrio Tupac Amaru en Alto Comedero.<\/p>\n\n\n\n<p>\u201cM\u00fasica con ALAS\u201d ofrece clases totalmente gratuitas y presta los instrumentos musicales a los participantes, gracias al apoyo de la comunidad, campa\u00f1as solidarias y colaboraci\u00f3n estatal.<\/p>\n\n\n\n<p>Sivila destac\u00f3 que \u201chace poco tuvimos la visita del gobernador Carlos Sadir que se impresion\u00f3 por la cantidad de ni\u00f1os que tiene \u00abM\u00fasica con ALAS\u00bb. Y nos apoyaron tambi\u00e9n para continuar en estos a\u00f1os con los cargos docentes del Ministerio de Educaci\u00f3n\u201d.<\/p>\n\n\n\n<p>En relaci\u00f3n a este tema, indic\u00f3 que el Gobierno de la Provincia, a trav\u00e9s de la mencionada cartera, subvenciona 11 cargos docentes, y anunci\u00f3 la pr\u00f3xima entrega de nuevos instrumentos.&nbsp;<\/p>\n\n\n\n<p>La fundaci\u00f3n invita a la comunidad a sumarse, colaborar o apadrinar la compra o restauraci\u00f3n de instrumentos.&nbsp;<\/p>\n\n\n\n<p>Desde la fundaci\u00f3n se recalc\u00f3 que cada instrumento es una oportunidad m\u00e1s para que un ni\u00f1o desarrolle su talento en un espacio sano, educativo y transformador.&nbsp;<\/p>\n\n\n\n<p><strong>Gala solidaria<\/strong>&nbsp;<\/p>\n\n\n\n<p>La Fundaci\u00f3n ALAS se prepara para un evento muy especial: la Gala Solidaria \u201cM\u00fasica con Alas Sinf\u00f3nico\u201d, que se realizar\u00e1 el domingo 2 de diciembre en el Centro Cultural Mart\u00edn Fierro a las 21.30 horas. El evento contar\u00e1 con la participaci\u00f3n de grandes referentes del folclore argentino como Ahyre, Franco Barrionuevo, y Los Diableros de Or\u00e1n, acompa\u00f1ados por una orquesta integrada por docentes y alumnos de la Fundaci\u00f3n.&nbsp;<\/p>\n\n\n\n<p>La gala se realizar\u00e1 a total beneficio de la Fundaci\u00f3n, con el objetivo de continuar con su labor de contenci\u00f3n e inclusi\u00f3n social a trav\u00e9s de la m\u00fasica. Lo recaudado ser\u00e1 destinado al sostenimiento de actividades que benefician a m\u00e1s de 300 ni\u00f1os y j\u00f3venes en los barrios El Chingo, Mariano Moreno y Tupac Amaru de San Salvador de Jujuy.&nbsp;<\/p>\n\n\n\n<p>El concierto tendr\u00e1 un repertorio variado, con una apertura dedicada a Piazzolla, m\u00fasica cl\u00e1sica en el hall, y un gran cierre folcl\u00f3rico sinf\u00f3nico junto a los artistas invitados.&nbsp;<\/p>\n\n\n\n<p><strong>Entradas a la venta en:<\/strong>&nbsp;<\/p>\n\n\n\n<p>&#8211; norteticket.com&nbsp;<\/p>\n\n\n\n<p>&#8211; Belgrano 629 Tarjeta Su Cr\u00e9dito (con tarjeta de cr\u00e9dito)&nbsp;<\/p>\n\n\n\n<p>&#8211; Redes sociales: Fundaci\u00f3n M\u00fasica con Alas (Facebook) \/ @fundacionmusicaconalasjujuy (Instagram)<\/p>\n","protected":false},"excerpt":{"rendered":"<p>La Fundaci\u00f3n ALAS, presidida por Anal\u00eda Sivila, contin\u00faa desarrollando su proyecto social y cultural \u201cM\u00fasica con ALAS\u201d, una iniciativa con 16 a\u00f1os de trayectoria que brinda contenci\u00f3n a m\u00e1s de 300 ni\u00f1os y j\u00f3venes de San Salvador de Jujuy a trav\u00e9s de la m\u00fasica. Este proyecto, nacido en el barrio El Chingo como una acci\u00f3n [&hellip;]<\/p>\n","protected":false},"author":7,"featured_media":17532,"comment_status":"open","ping_status":"open","sticky":false,"template":"","format":"standard","meta":{"_themeisle_gutenberg_block_has_review":false,"footnotes":""},"categories":[2714],"tags":[58],"class_list":["post-17531","post","type-post","status-publish","format-standard","has-post-thumbnail","hentry","category-shows-y-eventos","tag-jujuy"],"_links":{"self":[{"href":"https:\/\/horapicodigital.com.ar\/index.php\/wp-json\/wp\/v2\/posts\/17531","targetHints":{"allow":["GET"]}}],"collection":[{"href":"https:\/\/horapicodigital.com.ar\/index.php\/wp-json\/wp\/v2\/posts"}],"about":[{"href":"https:\/\/horapicodigital.com.ar\/index.php\/wp-json\/wp\/v2\/types\/post"}],"author":[{"embeddable":true,"href":"https:\/\/horapicodigital.com.ar\/index.php\/wp-json\/wp\/v2\/users\/7"}],"replies":[{"embeddable":true,"href":"https:\/\/horapicodigital.com.ar\/index.php\/wp-json\/wp\/v2\/comments?post=17531"}],"version-history":[{"count":1,"href":"https:\/\/horapicodigital.com.ar\/index.php\/wp-json\/wp\/v2\/posts\/17531\/revisions"}],"predecessor-version":[{"id":17533,"href":"https:\/\/horapicodigital.com.ar\/index.php\/wp-json\/wp\/v2\/posts\/17531\/revisions\/17533"}],"wp:featuredmedia":[{"embeddable":true,"href":"https:\/\/horapicodigital.com.ar\/index.php\/wp-json\/wp\/v2\/media\/17532"}],"wp:attachment":[{"href":"https:\/\/horapicodigital.com.ar\/index.php\/wp-json\/wp\/v2\/media?parent=17531"}],"wp:term":[{"taxonomy":"category","embeddable":true,"href":"https:\/\/horapicodigital.com.ar\/index.php\/wp-json\/wp\/v2\/categories?post=17531"},{"taxonomy":"post_tag","embeddable":true,"href":"https:\/\/horapicodigital.com.ar\/index.php\/wp-json\/wp\/v2\/tags?post=17531"}],"curies":[{"name":"wp","href":"https:\/\/api.w.org\/{rel}","templated":true}]}}