{"id":17522,"date":"2025-11-14T08:50:38","date_gmt":"2025-11-14T11:50:38","guid":{"rendered":"https:\/\/horapicodigital.com.ar\/?p=17522"},"modified":"2025-11-14T08:50:39","modified_gmt":"2025-11-14T11:50:39","slug":"matias-paterno-vamos-a-llevar-a-la-legislatura-una-oposicion-real","status":"publish","type":"post","link":"https:\/\/horapicodigital.com.ar\/index.php\/2025\/11\/14\/matias-paterno-vamos-a-llevar-a-la-legislatura-una-oposicion-real\/","title":{"rendered":"Mat\u00edas Patern\u00f3: \u201cVamos a llevar a la Legislatura una oposici\u00f3n real\u00bb"},"content":{"rendered":"\n<p>El diputado provincial electo por La Libertad Avanza, Mat\u00edas Patern\u00f3, se refiri\u00f3 al trabajo que desarrollan los legisladores de su espacio a pocos d\u00edas de asumir en la Legislatura de Jujuy. \u201cEstamos avanzando en proyectos concretos para presentar a partir del 10 de diciembre\u201d, afirm\u00f3.<br>Patern\u00f3 record\u00f3 que en las elecciones provinciales de mayo resultaron electos siete diputados de La Libertad Avanza. En ese marco, anticip\u00f3: \u201cVamos a conformar un bloque propio. Es un paso importante porque permitir\u00e1 que se escuchen voces nuevas y que haya una oposici\u00f3n real, que no acompa\u00f1e de manera autom\u00e1tica cada iniciativa del oficialismo, sino que la analice con responsabilidad y en funci\u00f3n del inter\u00e9s de los juje\u00f1os\u201d.<br>El legislador remarc\u00f3 que con el equipo \u201cestamos estudiando cada tema en detalle. Somos plenamente conscientes del voto de confianza que nos dio la sociedad juje\u00f1a y por eso estamos abocados a la elaboraci\u00f3n de una agenda legislativa seria y necesaria\u201d.<br>Entre los proyectos en desarrollo, Patern\u00f3 destac\u00f3 la propuesta de crear una secretar\u00eda interna dentro de la Auditor\u00eda General de la Provincia, destinada a fortalecer el control de las cuentas de inversi\u00f3n del Estado.<br>\u201cBuscamos garantizar un control exhaustivo sobre las empresas estatales, muchas de las cuales no rinden cuentas como corresponde.<\/p>\n\n\n\n<p>Boleta \u00fanica<\/p>\n\n\n\n<p>Adem\u00e1s, adelant\u00f3 que su bloque presentar\u00e1 un proyecto de Boleta \u00danica para Jujuy, una propuesta que \u201ctuvo muy buenos resultados y recepci\u00f3n en la elecci\u00f3n legislativa nacional del 26 de octubre\u201d.<br>Para cerrar, Patern\u00f3 destac\u00f3 la responsabilidad que enfrentan como nueva fuerza legislativa: \u201cTenemos mucho trabajo por delante y vamos a encararlo con la convicci\u00f3n de que cada medida debe traducirse en mejoras concretas para los juje\u00f1os, para quienes trabajan y producen en la provincia, y no para los mismos sectores pol\u00edticos de siempre\u201d.<\/p>\n","protected":false},"excerpt":{"rendered":"<p>El diputado provincial electo por La Libertad Avanza, Mat\u00edas Patern\u00f3, se refiri\u00f3 al trabajo que desarrollan los legisladores de su espacio a pocos d\u00edas de asumir en la Legislatura de Jujuy. \u201cEstamos avanzando en proyectos concretos para presentar a partir del 10 de diciembre\u201d, afirm\u00f3.Patern\u00f3 record\u00f3 que en las elecciones provinciales de mayo resultaron electos [&hellip;]<\/p>\n","protected":false},"author":7,"featured_media":17523,"comment_status":"open","ping_status":"open","sticky":false,"template":"","format":"standard","meta":{"_themeisle_gutenberg_block_has_review":false,"footnotes":""},"categories":[2877],"tags":[58,85],"class_list":["post-17522","post","type-post","status-publish","format-standard","has-post-thumbnail","hentry","category-crimen-y-justicia","tag-jujuy","tag-pais"],"_links":{"self":[{"href":"https:\/\/horapicodigital.com.ar\/index.php\/wp-json\/wp\/v2\/posts\/17522","targetHints":{"allow":["GET"]}}],"collection":[{"href":"https:\/\/horapicodigital.com.ar\/index.php\/wp-json\/wp\/v2\/posts"}],"about":[{"href":"https:\/\/horapicodigital.com.ar\/index.php\/wp-json\/wp\/v2\/types\/post"}],"author":[{"embeddable":true,"href":"https:\/\/horapicodigital.com.ar\/index.php\/wp-json\/wp\/v2\/users\/7"}],"replies":[{"embeddable":true,"href":"https:\/\/horapicodigital.com.ar\/index.php\/wp-json\/wp\/v2\/comments?post=17522"}],"version-history":[{"count":1,"href":"https:\/\/horapicodigital.com.ar\/index.php\/wp-json\/wp\/v2\/posts\/17522\/revisions"}],"predecessor-version":[{"id":17524,"href":"https:\/\/horapicodigital.com.ar\/index.php\/wp-json\/wp\/v2\/posts\/17522\/revisions\/17524"}],"wp:featuredmedia":[{"embeddable":true,"href":"https:\/\/horapicodigital.com.ar\/index.php\/wp-json\/wp\/v2\/media\/17523"}],"wp:attachment":[{"href":"https:\/\/horapicodigital.com.ar\/index.php\/wp-json\/wp\/v2\/media?parent=17522"}],"wp:term":[{"taxonomy":"category","embeddable":true,"href":"https:\/\/horapicodigital.com.ar\/index.php\/wp-json\/wp\/v2\/categories?post=17522"},{"taxonomy":"post_tag","embeddable":true,"href":"https:\/\/horapicodigital.com.ar\/index.php\/wp-json\/wp\/v2\/tags?post=17522"}],"curies":[{"name":"wp","href":"https:\/\/api.w.org\/{rel}","templated":true}]}}