{"id":17486,"date":"2025-11-13T06:22:59","date_gmt":"2025-11-13T09:22:59","guid":{"rendered":"https:\/\/horapicodigital.com.ar\/?p=17486"},"modified":"2025-11-13T06:23:00","modified_gmt":"2025-11-13T09:23:00","slug":"el-turismo-es-generador-de-puesto-de-trabajo-expreso-sadir-en-la-reunion-regional-del-noa-de-fehgra","status":"publish","type":"post","link":"https:\/\/horapicodigital.com.ar\/index.php\/2025\/11\/13\/el-turismo-es-generador-de-puesto-de-trabajo-expreso-sadir-en-la-reunion-regional-del-noa-de-fehgra\/","title":{"rendered":"\u00abEl turismo es generador de puesto de trabajo\u00bb, expres\u00f3 Sadir en la reuni\u00f3n regional del NOA de Fehgra"},"content":{"rendered":"\n<p>Un evento organizado por la\u00a0<strong>C\u00e1mara de Hoteles, Restaurantes y Afines de Jujuy<\/strong>\u00a0y cont\u00f3 con la presencia del presidente de la\u00a0<strong>Federaci\u00f3n Empresaria Hotelera Gastron\u00f3mica<\/strong>\u00a0<strong>de la Rep\u00fablica Argentina (Fehgra)<\/strong>, Fernando Desbots, sus\u00a0<strong>delegados en Catamarca, Salta, Santiago del Estero y Termas de R\u00edo Hondo<\/strong>.<\/p>\n\n\n\n<p>En ese marco, el Mandatario provincial, elogi\u00f3 la jornada de integraci\u00f3n y sostuvo que \u201cestoy muy contento por recibir a todos los miembros de Fehgra del pa\u00eds\u201d y agreg\u00f3 \u201cesto, es muy importante para Jujuy y para la regi\u00f3n porque sirve para combinar experiencia y trabajar en forma conjunta\u201d.<\/p>\n\n\n\n<p>Sigui\u00f3 en esa l\u00ednea y calific\u00f3 al turismo como \u201cgenerador de puesto de trabajo\u201d.<\/p>\n\n\n\n<p>Y a\u00f1adi\u00f3, \u201cel objetivo es atraer el turismo y buscar la manera de brindar servicio de excelencia\u201d.<\/p>\n\n\n\n<p>Asimismo, acentu\u00f3 en la decisi\u00f3n del gobierno en materia de turismo, \u201chacemos una fuerte apuesta\u201d, dijo en ese sentido.&nbsp;<\/p>\n\n\n\n<p>En otro orden, resalt\u00f3 la belleza natural que tiene Jujuy, \u201ces admirada por todo el mundo\u201d, sostuvo.&nbsp;<\/p>\n\n\n\n<p>Y a su vez, record\u00f3 la congratulaci\u00f3n que realiz\u00f3 la ONU turismo en nombrar a Maimar\u00e1 como unos de los pueblos m\u00e1s bello del mundo junto a Caspal\u00e1.&nbsp;<\/p>\n\n\n\n<p>\u201cLa idea es seguir trabajando y explotando el turismo\u201d, concluy\u00f3.&nbsp;<\/p>\n\n\n\n<p>Mientras que el secretario de turismo, Diego Valdecantos, agradeci\u00f3 la presencia de todos los miembros de Fehgra del NOA.&nbsp;<\/p>\n\n\n\n<p>\u201cMuy contento con la actividad. Esto marca el camino que Jujuy viene trabajando con el turismo\u201d, expres\u00f3.&nbsp;<\/p>\n\n\n\n<p>\u201cHay un gobierno que apuesta y proyecta para posicionar a Jujuy en el mundo\u201d, finaliz\u00f3.&nbsp;<\/p>\n\n\n\n<p>Tambi\u00e9n fueron parte, el referente de la C\u00e1mara de Hoteles y Afines de Jujuy Christian Boglione, sus pares del NOA, el presidente del Concejo Deliberante capitalino, Lisandro Aguiar, empresarios y representantes de turismo de Jujuy.<\/p>\n\n\n\n<p><\/p>\n","protected":false},"excerpt":{"rendered":"<p>Un evento organizado por la\u00a0C\u00e1mara de Hoteles, Restaurantes y Afines de Jujuy\u00a0y cont\u00f3 con la presencia del presidente de la\u00a0Federaci\u00f3n Empresaria Hotelera Gastron\u00f3mica\u00a0de la Rep\u00fablica Argentina (Fehgra), Fernando Desbots, sus\u00a0delegados en Catamarca, Salta, Santiago del Estero y Termas de R\u00edo Hondo. En ese marco, el Mandatario provincial, elogi\u00f3 la jornada de integraci\u00f3n y sostuvo que [&hellip;]<\/p>\n","protected":false},"author":7,"featured_media":17488,"comment_status":"open","ping_status":"open","sticky":false,"template":"","format":"standard","meta":{"_themeisle_gutenberg_block_has_review":false,"footnotes":""},"categories":[1848],"tags":[58,85],"class_list":["post-17486","post","type-post","status-publish","format-standard","has-post-thumbnail","hentry","category-turismo","tag-jujuy","tag-pais"],"_links":{"self":[{"href":"https:\/\/horapicodigital.com.ar\/index.php\/wp-json\/wp\/v2\/posts\/17486","targetHints":{"allow":["GET"]}}],"collection":[{"href":"https:\/\/horapicodigital.com.ar\/index.php\/wp-json\/wp\/v2\/posts"}],"about":[{"href":"https:\/\/horapicodigital.com.ar\/index.php\/wp-json\/wp\/v2\/types\/post"}],"author":[{"embeddable":true,"href":"https:\/\/horapicodigital.com.ar\/index.php\/wp-json\/wp\/v2\/users\/7"}],"replies":[{"embeddable":true,"href":"https:\/\/horapicodigital.com.ar\/index.php\/wp-json\/wp\/v2\/comments?post=17486"}],"version-history":[{"count":1,"href":"https:\/\/horapicodigital.com.ar\/index.php\/wp-json\/wp\/v2\/posts\/17486\/revisions"}],"predecessor-version":[{"id":17489,"href":"https:\/\/horapicodigital.com.ar\/index.php\/wp-json\/wp\/v2\/posts\/17486\/revisions\/17489"}],"wp:featuredmedia":[{"embeddable":true,"href":"https:\/\/horapicodigital.com.ar\/index.php\/wp-json\/wp\/v2\/media\/17488"}],"wp:attachment":[{"href":"https:\/\/horapicodigital.com.ar\/index.php\/wp-json\/wp\/v2\/media?parent=17486"}],"wp:term":[{"taxonomy":"category","embeddable":true,"href":"https:\/\/horapicodigital.com.ar\/index.php\/wp-json\/wp\/v2\/categories?post=17486"},{"taxonomy":"post_tag","embeddable":true,"href":"https:\/\/horapicodigital.com.ar\/index.php\/wp-json\/wp\/v2\/tags?post=17486"}],"curies":[{"name":"wp","href":"https:\/\/api.w.org\/{rel}","templated":true}]}}