{"id":17480,"date":"2025-11-12T07:58:02","date_gmt":"2025-11-12T10:58:02","guid":{"rendered":"https:\/\/horapicodigital.com.ar\/?p=17480"},"modified":"2025-11-12T07:58:03","modified_gmt":"2025-11-12T10:58:03","slug":"premios-konex-2025-charly-garcia-recibio-el-konex-de-brillante-en-una-ceremonia-que-reunio-a-grandes-figuras-de-la-musica-popular","status":"publish","type":"post","link":"https:\/\/horapicodigital.com.ar\/index.php\/2025\/11\/12\/premios-konex-2025-charly-garcia-recibio-el-konex-de-brillante-en-una-ceremonia-que-reunio-a-grandes-figuras-de-la-musica-popular\/","title":{"rendered":"Premios Konex 2025: Charly Garc\u00eda recibi\u00f3 el Konex de Brillante en una ceremonia que reuni\u00f3 a grandes figuras de la m\u00fasica popular"},"content":{"rendered":"\n<p>La entrega destac\u00f3 a grandes personalidades de todos los g\u00e9neros, celebrando el talento y la diversidad argentina en una jornada llena de homenajes, discursos emotivos y momentos inolvidables.<\/p>\n\n\n\n<p><strong>La Fundaci\u00f3n Konex celebr\u00f3 este martes 11 de noviembre en el Ciudad Cultural Konex la ceremonia de entrega de los\u00a0<\/strong><em><strong>Premios Konex 2025 a la M\u00fasica Popular<\/strong>,<\/em>\u00a0un encuentro que reuni\u00f3 a artistas, productores, periodistas y gestores culturales de distintas generaciones. En una tarde de emoci\u00f3n y homenajes,\u00a0<em><strong>Charly Garc\u00eda<\/strong><\/em>\u00a0fue distinguido con el\u00a0<strong>Konex de Brillante<\/strong>, el m\u00e1ximo galard\u00f3n que otorga la instituci\u00f3n, y se convirti\u00f3 as\u00ed en parte de una l\u00ednea hist\u00f3rica que incluye a\u00a0<strong>Atahualpa Yupanqui, Mercedes Sosa, Horacio Salg\u00e1n y Dino Saluzzi<\/strong>.<\/p>\n\n\n\n<p>El evento, conducido por\u00a0<strong>Silvina Chediek<\/strong>, marc\u00f3 el cierre del ciclo 2025 de los premios, que cada diez a\u00f1os distinguen a las cien personalidades m\u00e1s destacadas de la m\u00fasica popular argentina en veinte disciplinas. Los ganadores de cada categor\u00eda recibieron el\u00a0<strong>Konex de Platino<\/strong>, mientras que tambi\u00e9n se entregaron los\u00a0<strong>Konex de Honor<\/strong>\u00a0y\u00a0<strong>Menciones Especiales<\/strong>.<\/p>\n\n\n\n<p>Desde temprano, el auditorio del Konex se llen\u00f3 de m\u00fasicos, productores y familiares que acompa\u00f1aron una ceremonia que altern\u00f3 discursos, humor y emoci\u00f3n. El clima fue de celebraci\u00f3n, m\u00e1s cerca de un encuentro de colegas que de una entrega competitiva. En ese marco, previo a la ceremonia,\u00a0<strong>Nahuel Pennisi\u00a0<\/strong>charl\u00f3 con\u00a0<strong>Teleshow\u00a0<\/strong>y expres\u00f3 su alegr\u00eda por formar parte de este hist\u00f3rico evento al ser premiado como solista de folclore: \u201cEl Folclore se renueva, tiene algo para decir, es de la gente. El Folclore hace tiempo que pide pista en lo masivo, pero no me sorprendo de la calidad del g\u00e9nero. Es un premio inesperado, me dio mucha alegr\u00eda recibirlo. Es un privilegio compartir con una grosa como la Sole que la admiro, otro regalo de la m\u00fasica. Es un lindo incentivo para mi vida, m\u00e1s que este fin de semana toco en el teatro Broadway, un show \u00edntimo, como si estuviera en mi casa, recordando los tiempos en los que arrancaba en la calle Florida\u201d.<\/p>\n\n\n\n<p>Minutos despu\u00e9s, luego de que las figuras posaran en la alfombra roja, la ceremonia dio inicio. Luis Ovsejevich se expres\u00f3 al inicio de la premiaci\u00f3n: \u201cHoy celebramos una nueva entrega, la m\u00fasica popular nos une, nos emociona y nos representa como pueblo, es una de las formas m\u00e1s genuinas de identidad\u201d. Por su parte, Mihanovich resalt\u00f3: \u201cLa m\u00fasica es sanadora para todos, para cada uno. Por eso le decimos gracias a los m\u00fasicos y m\u00fasicas argentinos. Gracias, y felicitaciones. Viva la m\u00fasica argentina. Vivan los m\u00fasicos argentinos. Aguante la cultura nacional, clave fundamental de nuestra identidad\u201d.<\/p>\n\n\n\n<h3 class=\"wp-block-heading\">Los grandes premiados de la m\u00fasica popular<\/h3>\n\n\n\n<p>Entre los&nbsp;<strong>Konex de Platino<\/strong>&nbsp;se destacaron figuras de todos los g\u00e9neros:&nbsp;<strong>David Leb\u00f3n<\/strong>&nbsp;fue reconocido como Solista de Rock, mientras que&nbsp;<strong>Divididos<\/strong>&nbsp;recibi\u00f3 el galard\u00f3n como Conjunto de Rock;&nbsp;<strong>Lali<\/strong>&nbsp;como Solista de Pop y&nbsp;<strong>Babas\u00f3nicos&nbsp;<\/strong>y<strong>&nbsp;Miranda!<\/strong>&nbsp;en Conjunto de Pop;&nbsp;<strong>Soledad Pastorutti&nbsp;<\/strong>y<strong>&nbsp;Nahuel Pennisi<\/strong>&nbsp;en Solista de Folklore;&nbsp;<strong>Los Manseros Santiague\u00f1os<\/strong>&nbsp;en Conjunto de Folklore;&nbsp;<strong>Wos<\/strong>&nbsp;en M\u00fasica Urbana;&nbsp;<strong>La Delio Valdez<\/strong>&nbsp;en Tropical;&nbsp;<strong>Abel Pintos<\/strong>&nbsp;en Mel\u00f3dico\/Rom\u00e1ntico;&nbsp;<strong>Fito P\u00e1ez<\/strong>&nbsp;como Autor\/Compositor;&nbsp;<strong>Hern\u00e1n Cattaneo<\/strong>&nbsp;en DJ\/Electr\u00f3nica;&nbsp;<strong>Ricardo Lew<\/strong>&nbsp;y&nbsp;<strong>Escalandrum<\/strong>&nbsp;en Jazz;&nbsp;<strong>Canticu\u00e9nticos<\/strong>&nbsp;en Infantil;&nbsp;<strong>Pablo Agri<\/strong>&nbsp;en Solista Instrumental;&nbsp;<strong>Fabi\u00e1n \u201cTweety\u201d Gonz\u00e1lez<\/strong>&nbsp;como Productor Art\u00edstico; y&nbsp;<strong>Lito Vitale<\/strong>&nbsp;junto a&nbsp;<strong>Leo Sujatovich<\/strong>&nbsp;en Arreglador\/Orquestador.<\/p>\n\n\n\n<p>Los&nbsp;<strong>Konex de Honor<\/strong>, otorgados a figuras fallecidas en la \u00faltima d\u00e9cada, fueron para&nbsp;<strong>Javier Mart\u00ednez<\/strong>&nbsp;y&nbsp;<strong>Mariano Mores<\/strong>. En su memoria, los premios fueron recibidos por&nbsp;<strong>Diana D\u00edaz<\/strong>, esposa del fundador de Manal, y por&nbsp;<strong>Mariana Fabbiani<\/strong>, nieta del c\u00e9lebre pianista y compositor. \u201cAgradezco, m\u00e1s que decir el orgullo de estar ac\u00e1. Son artistas que siempre van a estar en la memoria del p\u00fablico\u201d, expres\u00f3 D\u00edaz. Por su parte, Fabbiani record\u00f3 con emoci\u00f3n a su abuelo: \u201cMi abuelo amaba recibir premios. \u00c9l dec\u00eda que el tango era la vida misma, pero con melod\u00eda\u201d.<\/p>\n\n\n\n<p>Tambi\u00e9n se entregaron&nbsp;<strong>Menciones Especiales<\/strong>&nbsp;a&nbsp;<strong>Pimpinela<\/strong>,&nbsp;<strong>Los Aut\u00e9nticos Decadentes<\/strong>,&nbsp;<strong>Trombonanza<\/strong>&nbsp;y al propio&nbsp;<strong>Charly Garc\u00eda<\/strong>, en reconocimiento a su legado y aporte al repertorio nacional.<\/p>\n\n\n\n<h3 class=\"wp-block-heading\">Las entregas y los discursos<\/h3>\n\n\n\n<p>El desfile de premiados dej\u00f3 momentos memorables.&nbsp;<strong>Mariano del Mazo<\/strong>&nbsp;entreg\u00f3 el premio a&nbsp;<strong>La Delio Valdez<\/strong>, que agradeci\u00f3 con aplausos del p\u00fablico;&nbsp;<strong>Iliana Matusastegui<\/strong>&nbsp;hizo lo propio con el galard\u00f3n de&nbsp;<strong>Autor\/Compositor<\/strong>&nbsp;que recibi\u00f3 en nombre de Fito P\u00e1ez su colaborador&nbsp;<strong>Carlos Vandera<\/strong>;&nbsp;<strong>Bobby Flores<\/strong>&nbsp;entreg\u00f3 el premio de&nbsp;<strong>Conjunto de Rock<\/strong>&nbsp;a&nbsp;<strong>Divididos<\/strong>, y&nbsp;<strong>Ricardo Mollo<\/strong>&nbsp;aprovech\u00f3 el micr\u00f3fono para dedicar unas palabras a Ovsejevich: \u201cGracias, Luis, por mantener vivo esto que es tan importante. Es el premio m\u00e1s transparente que existe. Por eso estamos ac\u00e1 acompa\u00f1\u00e1ndote. El aplauso es m\u00e1s para vos que para nosotros\u201d. Su compa\u00f1ero&nbsp;<strong>Catriel Ciavarella<\/strong>&nbsp;sum\u00f3 un mensaje breve y sincero: \u201cGracias al jurado, que se toma un laburazo en elegir. A mis compa\u00f1eros y al p\u00fablico que nos sigue acompa\u00f1ando en cada cosa que proponemos. Muchas gracias\u201d.<\/p>\n\n\n\n<p>En el rubro\u00a0<strong>Folklore<\/strong>,\u00a0<strong>Silvia Majul<\/strong>\u00a0fue la encargada de entregar los galardones a\u00a0<strong>Soledad Pastorutti<\/strong>\u00a0y\u00a0<strong>Nahuel Pennisi<\/strong>, quienes subieron juntos al escenario. En su discurso, Pennisi emocion\u00f3 a todos: \u201cQuiero agradecer a todos mis colegas, a tantos amigos que admiro y que me dieron un lugar. Lo m\u00e1s lindo es descubrir que detr\u00e1s de grandes talentos hay una humanidad enorme.\u00a0<strong>La m\u00fasica no es solo llenar teatros, sino dejar algo en la gente. Somos el canal por el cual muchos la pasan bien, y eso me mejora cada d\u00eda como m\u00fasico<\/strong>\u201d, expres\u00f3 entre aplausos.<\/p>\n\n\n\n<p>El&nbsp;<strong>Konex de Platino de Mel\u00f3dico\/Rom\u00e1ntico<\/strong>&nbsp;fue para&nbsp;<strong>Abel Pintos<\/strong>, quien agradeci\u00f3 emocionado: \u201cLo quiero compartir con mis familias, m\u00fasicos y t\u00e9cnicos que est\u00e1n conmigo hace muchos a\u00f1os. Tambi\u00e9n con la familia que busqu\u00e9, que es el p\u00fablico, y con la familia que despierta en m\u00ed todo mi amor: Mora, Guillermina y Rosario\u201d.<\/p>\n\n\n\n<p>Tras recibir su premio,&nbsp;<strong>Abel Pintos<\/strong>&nbsp;dialog\u00f3 con Teleshow y expres\u00f3 su felicidad por este cierre de a\u00f1o: \u201cMe siento honrado, es un premio prestigioso, m\u00e1s el hecho de que se d\u00e9 cada tanto tiempo. Y sobre todo que en ese tiempo uno convive con sus \u00eddolos y las nuevas generaciones. Si uno tuviera que elegir seguro no se elegir\u00eda a s\u00ed mismo, elegir\u00eda a alguien m\u00e1s, entonces que lo elijan a uno es todo un honor.&nbsp;<strong>El primero que pienso es Milo J, que viene de un g\u00e9nero urbano, que ahora est\u00e1 tomando una bandera de tradici\u00f3n con la m\u00fasica folcl\u00f3rica, un crossover con su urbano natural o de crianza<\/strong>. Hoy vienen estos m\u00fasicos y te dicen \u201cvos me influenciaste\u201d y ah\u00ed uno se da cuenta que somos parte de una rueda hermosa que es la vida y que por eso vale la pena tener responsabilidad sobre cada paso que damos o cada cosa que decimos\u201d.<\/p>\n\n\n\n<p>El periodista&nbsp;<strong>Bernardo Kosacoff<\/strong>&nbsp;entreg\u00f3 el&nbsp;<strong>Konex de Platino Urbano<\/strong>&nbsp;a&nbsp;<strong>Wos<\/strong>, quien no pudo asistir, pero el reconocimiento fue recibido por su madre en su nombre.&nbsp;<strong>Ricardo Salt\u00f3n<\/strong>&nbsp;hizo lo propio con la menci\u00f3n especial a&nbsp;<strong>Los Aut\u00e9nticos Decadentes<\/strong>, cuyo representante&nbsp;<strong>Pablo Ernesto<\/strong>&nbsp;agradeci\u00f3 en nombre de la banda.&nbsp;<strong>Maitena Goitiand\u00eda<\/strong>&nbsp;entreg\u00f3 el premio a&nbsp;<strong>Babas\u00f3nicos<\/strong>&nbsp;y&nbsp;<strong>Miranda!<\/strong>, mientras que&nbsp;<strong>Magui D\u00edaz<\/strong>&nbsp;distingui\u00f3 a&nbsp;<strong>Fabi\u00e1n \u201cTweety\u201d Gonz\u00e1lez<\/strong>&nbsp;como Productor Art\u00edstico.&nbsp;<strong>Sebasti\u00e1n Esp\u00f3sito<\/strong>&nbsp;reconoci\u00f3 a&nbsp;<strong>Hern\u00e1n Cattaneo<\/strong>&nbsp;en DJ\/Electr\u00f3nica,&nbsp;<strong>Laura Albarrac\u00edn<\/strong>&nbsp;a&nbsp;<strong>Los Manseros Santiague\u00f1os<\/strong>&nbsp;(recibido por Alfredo Toledo, ante el saludo de Soledad Pastorutti) y&nbsp;<strong>Humphrey Inzillo<\/strong>&nbsp;entreg\u00f3 una Menci\u00f3n Especial a&nbsp;<strong>Trombonanza<\/strong>.<\/p>\n\n\n\n<p>En la categor\u00eda&nbsp;<strong>Alternativo\/Nuevo<\/strong>, el premio fue para&nbsp;<strong>CA7RIEL &amp; Paco Amoroso<\/strong>, que enviaron un mensaje grabado desde su gira: \u201cGracias por esta oportunidad. No podemos asistir personalmente por compromisos, pero les mandamos un abrazo a todos. Ya falta poco\u201d, expres\u00f3 Paco Amoroso, seguido por un mensaje de&nbsp;<strong>Beto Funk Logic<\/strong>, quien subi\u00f3 en su nombre: \u201cAparezco en todos lados, los quiero mucho. Que los cuiden, que cuiden a los pibes de ahora. Las cosas pasan muy r\u00e1pido, de Boedo a Tokio en media hora. Son grandes m\u00fasicos, muy talentosos\u201d.<\/p>\n\n\n\n<p>Uno de los momentos m\u00e1s celebrados lleg\u00f3 con\u00a0<strong>David Leb\u00f3n<\/strong>, quien subi\u00f3 entre ovaciones para recibir su Konex de Platino como Solista de Rock. Fiel a su estilo, mezcl\u00f3 humor y emoci\u00f3n: \u201cS\u00ed, me cas\u00e9 hace dos semanas, pero nos vamos a divorciar ma\u00f1ana\u201d, brome\u00f3. Luego se puso serio: \u201cTengo diez nietos, \u00bfc\u00f3mo hago para agradecer esto? Es para ellos, para mi familia, que tambi\u00e9n son los m\u00fasicos, como Charly, como Mollo, como Luis, como Pappo, Pedro, Moro\u2026 y sobre todo, para Patricia Oviedo de Leb\u00f3n, porque si no fuese por ella, no estar\u00eda aqu\u00ed parado hoy\u201d.<\/p>\n\n\n\n<h3 class=\"wp-block-heading\">El momento m\u00e1s esperado: el homenaje a Charly Garc\u00eda<\/h3>\n\n\n\n<p>El cierre de la tarde estuvo a la altura de la expectativa.&nbsp;<strong>Charly Garc\u00eda<\/strong>, finalmente,&nbsp;<strong>asisti\u00f3 al acto para recibir el Konex de Brillante<\/strong>, en reconocimiento a su trayectoria y su influencia en m\u00e1s de cinco d\u00e9cadas de m\u00fasica popular argentina. Su aparici\u00f3n fue recibida con una ovaci\u00f3n de pie que uni\u00f3 a rockeros, tangueros, folkloristas y productores.<\/p>\n\n\n\n<p>En el escenario,&nbsp;<strong>Luis Ovsejevich<\/strong>&nbsp;y&nbsp;<strong>Sandra Mihanovich<\/strong>&nbsp;encabezaron el homenaje. \u201cAgradezco a todos este reconocimiento, y quiero dedic\u00e1rselo a alguien que tambi\u00e9n lo recibi\u00f3 en su momento: a mi gran amiga,&nbsp;<strong>Mercedes Sosa<\/strong>\u201d, dijo el m\u00fasico tras ser aplaudido por todos los presentes.<\/p>\n\n\n\n<p>El artista, que recientemente hab\u00eda recibido el&nbsp;<strong>Doctorado Honoris Causa de la Universidad de Buenos Aires<\/strong>, agradeci\u00f3 con gestos breves y una sonrisa que sintetiz\u00f3 d\u00e9cadas de historia. Fue el broche perfecto para una tarde que uni\u00f3 generaciones y g\u00e9neros, en una ceremonia donde la m\u00fasica volvi\u00f3 a ser sin\u00f3nimo de encuentro y memoria.<\/p>\n\n\n\n<p>Durante el final de la ceremonia,&nbsp;<strong>Soledad Pastorutt<\/strong>i charl\u00f3 con Teleshow, expres\u00f3 sus sensaciones por el premio y por la presencia de Charly Garc\u00eda: \u201cMe siento content\u00edsima y sorprendida, es un premio muy prestigioso. A Nahuel lo quiero mucho, es muy talentoso, estoy feliz de que haya sido con \u00e9l. Y&nbsp;<strong>respecto a Charly (Garc\u00eda), nos emocionamos todos much\u00edsimo, fue una sorpresa, no me la esperaba. Pude mirarlo a los ojos y decirle que lo adoro, que fue lo que siempre sent\u00ed por \u00e9l<\/strong>, por su m\u00fasica, por lo que dice, un genio de los que quedan pocos\u201d.<\/p>\n\n\n\n<p>Con este reconocimiento, Charly Garc\u00eda se suma oficialmente al linaje de leyendas que ya recibieron el&nbsp;<strong>Konex de Brillante<\/strong>:&nbsp;<strong>Atahualpa Yupanqui (1985), Mercedes Sosa (1995), Horacio Salg\u00e1n (2005)<\/strong>&nbsp;y&nbsp;<strong>Dino Saluzzi (2015)<\/strong>.<\/p>\n\n\n\n<p><em><strong>Cr\u00e9dito: RS Fotos<\/strong><\/em><\/p>\n","protected":false},"excerpt":{"rendered":"<p>La entrega destac\u00f3 a grandes personalidades de todos los g\u00e9neros, celebrando el talento y la diversidad argentina en una jornada llena de homenajes, discursos emotivos y momentos inolvidables. La Fundaci\u00f3n Konex celebr\u00f3 este martes 11 de noviembre en el Ciudad Cultural Konex la ceremonia de entrega de los\u00a0Premios Konex 2025 a la M\u00fasica Popular,\u00a0un encuentro [&hellip;]<\/p>\n","protected":false},"author":7,"featured_media":17481,"comment_status":"open","ping_status":"open","sticky":false,"template":"","format":"standard","meta":{"_themeisle_gutenberg_block_has_review":false,"footnotes":""},"categories":[2714],"tags":[232,85],"class_list":["post-17480","post","type-post","status-publish","format-standard","has-post-thumbnail","hentry","category-shows-y-eventos","tag-curiosidades","tag-pais"],"_links":{"self":[{"href":"https:\/\/horapicodigital.com.ar\/index.php\/wp-json\/wp\/v2\/posts\/17480","targetHints":{"allow":["GET"]}}],"collection":[{"href":"https:\/\/horapicodigital.com.ar\/index.php\/wp-json\/wp\/v2\/posts"}],"about":[{"href":"https:\/\/horapicodigital.com.ar\/index.php\/wp-json\/wp\/v2\/types\/post"}],"author":[{"embeddable":true,"href":"https:\/\/horapicodigital.com.ar\/index.php\/wp-json\/wp\/v2\/users\/7"}],"replies":[{"embeddable":true,"href":"https:\/\/horapicodigital.com.ar\/index.php\/wp-json\/wp\/v2\/comments?post=17480"}],"version-history":[{"count":1,"href":"https:\/\/horapicodigital.com.ar\/index.php\/wp-json\/wp\/v2\/posts\/17480\/revisions"}],"predecessor-version":[{"id":17482,"href":"https:\/\/horapicodigital.com.ar\/index.php\/wp-json\/wp\/v2\/posts\/17480\/revisions\/17482"}],"wp:featuredmedia":[{"embeddable":true,"href":"https:\/\/horapicodigital.com.ar\/index.php\/wp-json\/wp\/v2\/media\/17481"}],"wp:attachment":[{"href":"https:\/\/horapicodigital.com.ar\/index.php\/wp-json\/wp\/v2\/media?parent=17480"}],"wp:term":[{"taxonomy":"category","embeddable":true,"href":"https:\/\/horapicodigital.com.ar\/index.php\/wp-json\/wp\/v2\/categories?post=17480"},{"taxonomy":"post_tag","embeddable":true,"href":"https:\/\/horapicodigital.com.ar\/index.php\/wp-json\/wp\/v2\/tags?post=17480"}],"curies":[{"name":"wp","href":"https:\/\/api.w.org\/{rel}","templated":true}]}}