{"id":17462,"date":"2025-11-12T07:30:11","date_gmt":"2025-11-12T10:30:11","guid":{"rendered":"https:\/\/horapicodigital.com.ar\/?p=17462"},"modified":"2025-11-12T07:30:12","modified_gmt":"2025-11-12T10:30:12","slug":"comienza-la-41a-reunion-plenaria-del-foro-permanente-de-direcciones-de-presupuesto-y-finanzas-de-la-republica-argentina","status":"publish","type":"post","link":"https:\/\/horapicodigital.com.ar\/index.php\/2025\/11\/12\/comienza-la-41a-reunion-plenaria-del-foro-permanente-de-direcciones-de-presupuesto-y-finanzas-de-la-republica-argentina\/","title":{"rendered":"Comienza la 41\u00aa Reuni\u00f3n Plenaria del Foro Permanente de Direcciones de Presupuesto y Finanzas de la Rep\u00fablica Argentina"},"content":{"rendered":"\n<p>La Provincia de Jujuy ser\u00e1 anfitriona de la 41\u00aa Reuni\u00f3n Plenaria del Foro Permanente de Direcciones de Presupuesto y Finanzas de la Rep\u00fablica Argentina, que se desarrollar\u00e1 entre los d\u00edas 12 y 14 de noviembre en las instalaciones del Hotel Altos de La Vi\u00f1a, en la ciudad capital.<\/p>\n\n\n\n<p>El encuentro reunir\u00e1 a autoridades nacionales y provinciales responsables de las \u00e1reas de presupuesto, hacienda y finanzas p\u00fablicas, con el prop\u00f3sito de analizar la situaci\u00f3n fiscal del pa\u00eds y las provincias, intercambiar experiencias de gesti\u00f3n y promover la coordinaci\u00f3n de pol\u00edticas en materia presupuestaria y financiera.<\/p>\n\n\n<div class=\"wp-block-image\">\n<figure class=\"aligncenter size-full\"><img loading=\"lazy\" decoding=\"async\" width=\"643\" height=\"810\" src=\"https:\/\/horapicodigital.com.ar\/wp-content\/uploads\/2025\/11\/Screenshot-2025-11-12-072850.png\" alt=\"\" class=\"wp-image-17463\" srcset=\"https:\/\/horapicodigital.com.ar\/wp-content\/uploads\/2025\/11\/Screenshot-2025-11-12-072850.png 643w, https:\/\/horapicodigital.com.ar\/wp-content\/uploads\/2025\/11\/Screenshot-2025-11-12-072850-238x300.png 238w\" sizes=\"auto, (max-width: 643px) 100vw, 643px\" \/><\/figure>\n<\/div>\n\n\n<p>La ceremonia inaugural, prevista para el martes 12 a las 14 horas, contar\u00e1 con la presencia del ministro de Hacienda y Finanzas de Jujuy, Cr. Eduardo Federico Cardozo; el subsecretario de Presupuesto de la Naci\u00f3n, Rodrigo Cabado; el presidente del Foro Permanente, Cr. Hugo Zubillaga; y el vicegobernador de la Provincia, Alberto Bernis.<\/p>\n\n\n\n<p>Durante las jornadas de trabajo se abordar\u00e1n diversos temas de relevancia, entre ellos la situaci\u00f3n fiscal y las perspectivas econ\u00f3micas nacionales y provinciales, la pol\u00edtica tributaria y la distribuci\u00f3n de recursos, el endeudamiento subnacional, y los avances en la implementaci\u00f3n de sistemas de administraci\u00f3n financiera (E-SIDIF) en distintas jurisdicciones.<\/p>\n\n\n\n<p>Tambi\u00e9n se presentar\u00e1n experiencias provinciales en control y seguimiento del gasto p\u00fablico, junto con la exposici\u00f3n sobre el Proyecto Parque Solar Cauchari y su financiamiento mediante Bono Verde, a cargo del Ministerio de Hacienda y Finanzas de la Provincia de Jujuy.&nbsp;<\/p>\n\n\n\n<p>Asimismo, se prev\u00e9 un taller de intercambio de experiencias sobre temas presupuestarios con participaci\u00f3n de representantes de la Oficina Nacional de Presupuesto, la Ciudad Aut\u00f3noma de Buenos Aires y la Provincia de Entre R\u00edos, as\u00ed como la presentaci\u00f3n de la nueva p\u00e1gina web y del aula virtual del Foro.&nbsp;<\/p>\n\n\n\n<p>El d\u00eda jueves 14 estar\u00e1 dedicado a aspectos institucionales del Foro, incluyendo la presentaci\u00f3n de subcomisiones y la definici\u00f3n de programas de trabajo para el pr\u00f3ximo per\u00edodo.&nbsp;<\/p>\n\n\n\n<p>Con la realizaci\u00f3n de esta 41\u00aa Reuni\u00f3n Plenaria, la Provincia de Jujuy reafirma su compromiso con el fortalecimiento de la gesti\u00f3n financiera p\u00fablica y la cooperaci\u00f3n entre las jurisdicciones, en el marco de las pol\u00edticas de transparencia, eficiencia y desarrollo institucional que impulsa el Gobierno de la Provincia.<\/p>\n","protected":false},"excerpt":{"rendered":"<p>La Provincia de Jujuy ser\u00e1 anfitriona de la 41\u00aa Reuni\u00f3n Plenaria del Foro Permanente de Direcciones de Presupuesto y Finanzas de la Rep\u00fablica Argentina, que se desarrollar\u00e1 entre los d\u00edas 12 y 14 de noviembre en las instalaciones del Hotel Altos de La Vi\u00f1a, en la ciudad capital. El encuentro reunir\u00e1 a autoridades nacionales y [&hellip;]<\/p>\n","protected":false},"author":7,"featured_media":17464,"comment_status":"open","ping_status":"open","sticky":false,"template":"","format":"standard","meta":{"_themeisle_gutenberg_block_has_review":false,"footnotes":""},"categories":[6,2714],"tags":[58,2042],"class_list":["post-17462","post","type-post","status-publish","format-standard","has-post-thumbnail","hentry","category-economia","category-shows-y-eventos","tag-jujuy","tag-ministro-de-hacienda"],"_links":{"self":[{"href":"https:\/\/horapicodigital.com.ar\/index.php\/wp-json\/wp\/v2\/posts\/17462","targetHints":{"allow":["GET"]}}],"collection":[{"href":"https:\/\/horapicodigital.com.ar\/index.php\/wp-json\/wp\/v2\/posts"}],"about":[{"href":"https:\/\/horapicodigital.com.ar\/index.php\/wp-json\/wp\/v2\/types\/post"}],"author":[{"embeddable":true,"href":"https:\/\/horapicodigital.com.ar\/index.php\/wp-json\/wp\/v2\/users\/7"}],"replies":[{"embeddable":true,"href":"https:\/\/horapicodigital.com.ar\/index.php\/wp-json\/wp\/v2\/comments?post=17462"}],"version-history":[{"count":1,"href":"https:\/\/horapicodigital.com.ar\/index.php\/wp-json\/wp\/v2\/posts\/17462\/revisions"}],"predecessor-version":[{"id":17465,"href":"https:\/\/horapicodigital.com.ar\/index.php\/wp-json\/wp\/v2\/posts\/17462\/revisions\/17465"}],"wp:featuredmedia":[{"embeddable":true,"href":"https:\/\/horapicodigital.com.ar\/index.php\/wp-json\/wp\/v2\/media\/17464"}],"wp:attachment":[{"href":"https:\/\/horapicodigital.com.ar\/index.php\/wp-json\/wp\/v2\/media?parent=17462"}],"wp:term":[{"taxonomy":"category","embeddable":true,"href":"https:\/\/horapicodigital.com.ar\/index.php\/wp-json\/wp\/v2\/categories?post=17462"},{"taxonomy":"post_tag","embeddable":true,"href":"https:\/\/horapicodigital.com.ar\/index.php\/wp-json\/wp\/v2\/tags?post=17462"}],"curies":[{"name":"wp","href":"https:\/\/api.w.org\/{rel}","templated":true}]}}