{"id":17456,"date":"2025-11-12T07:23:52","date_gmt":"2025-11-12T10:23:52","guid":{"rendered":"https:\/\/horapicodigital.com.ar\/?p=17456"},"modified":"2025-11-12T07:23:53","modified_gmt":"2025-11-12T10:23:53","slug":"el-27-la-rosa-teatro-presentara-laobra-carroceros","status":"publish","type":"post","link":"https:\/\/horapicodigital.com.ar\/index.php\/2025\/11\/12\/el-27-la-rosa-teatro-presentara-laobra-carroceros\/","title":{"rendered":"EL 27 LA ROSA TEATRO PRESENTAR\u00c1 LAOBRA \u00abCARROCEROS\u00bb"},"content":{"rendered":"\n<p>El Centro Cultural Manuel Belgrano, ex estaci\u00f3n de ferrocarril,<br>ser\u00e1 el escenario para el estreno y presentaci\u00f3n de la obra de Germ\u00e1n Romano, titulada \u00abCarroceros\u00bb , el pr\u00f3ximo 27 del mes en curso a las 21.<\/p>\n\n\n\n<p>De esta manera La Rosa Teatro pondr\u00e1 a consideraci\u00f3n de los Juje\u00f1os esta obra teatral con un elenco encabezado por Eduardo L\u00f3pez, Silvia Gaitan, Ciro Monta\u00f1o,<br>Tamara Valenzuela,<br>Magdalena Seen,<br>Pedro Sato, Marianela P\u00e9rez Modega, Sara Espinoza, Agust\u00edn Gutierrez, \u00c1lvaro Manero, Gast\u00f3n&nbsp; Rodriguez y la Pl\u00e1stica a cargo Daniel Manero<\/p>\n\n\n\n<p>\u00bb Carroceros \u00ab<\/p>\n\n\n\n<p>Germ\u00e1n Romano coment\u00f3 que \u00abCarroceros\u00bb es una comedia popular sobre las vivencias de un grupo de estudiantes en un canch\u00f3n de la ciudad de San Salvador de Jujuy.<br>Remarc\u00f3 que es un espacio euf\u00f3rico, feliz y libre \u00abpero lleno de conflictos y contratiempos; as\u00ed surjen enredos entre los protagonistas multiplicados por la injerencia de adultos y la tensi\u00f3n que viven los carroceros entre las normas institucionales y la presi\u00f3n de terminar un proyecto que es tan apasionado como inolvidable\u00bb.<br>Romano comento adem\u00e1s que este proyecto cuenta con el apoyo del Ministerio y Secretaria de Cultura de la Provincia, y agradeci\u00f3 la colaboraci\u00f3n de<br>Juan Mancuso. Sergio Chacon . Mar\u00eda Jos\u00e9 Sato. Colegio Nacional 2 y de Viviana Armatta.<br>Finalmente convoc\u00f3 a la comunidad a continuar apoyando al Teatro juje\u00f1o, indicando que las entradas anticipadas para participar del estreno de \u00abCarroceros\u00bb, de podr\u00e1n gestionar a trav\u00e9s del n\u00famero telef\u00f3nico: 3884342376.<\/p>\n","protected":false},"excerpt":{"rendered":"<p>El Centro Cultural Manuel Belgrano, ex estaci\u00f3n de ferrocarril,ser\u00e1 el escenario para el estreno y presentaci\u00f3n de la obra de Germ\u00e1n Romano, titulada \u00abCarroceros\u00bb , el pr\u00f3ximo 27 del mes en curso a las 21. De esta manera La Rosa Teatro pondr\u00e1 a consideraci\u00f3n de los Juje\u00f1os esta obra teatral con un elenco encabezado por [&hellip;]<\/p>\n","protected":false},"author":7,"featured_media":17457,"comment_status":"open","ping_status":"open","sticky":false,"template":"","format":"standard","meta":{"_themeisle_gutenberg_block_has_review":false,"footnotes":""},"categories":[2714],"tags":[58],"class_list":["post-17456","post","type-post","status-publish","format-standard","has-post-thumbnail","hentry","category-shows-y-eventos","tag-jujuy"],"_links":{"self":[{"href":"https:\/\/horapicodigital.com.ar\/index.php\/wp-json\/wp\/v2\/posts\/17456","targetHints":{"allow":["GET"]}}],"collection":[{"href":"https:\/\/horapicodigital.com.ar\/index.php\/wp-json\/wp\/v2\/posts"}],"about":[{"href":"https:\/\/horapicodigital.com.ar\/index.php\/wp-json\/wp\/v2\/types\/post"}],"author":[{"embeddable":true,"href":"https:\/\/horapicodigital.com.ar\/index.php\/wp-json\/wp\/v2\/users\/7"}],"replies":[{"embeddable":true,"href":"https:\/\/horapicodigital.com.ar\/index.php\/wp-json\/wp\/v2\/comments?post=17456"}],"version-history":[{"count":1,"href":"https:\/\/horapicodigital.com.ar\/index.php\/wp-json\/wp\/v2\/posts\/17456\/revisions"}],"predecessor-version":[{"id":17458,"href":"https:\/\/horapicodigital.com.ar\/index.php\/wp-json\/wp\/v2\/posts\/17456\/revisions\/17458"}],"wp:featuredmedia":[{"embeddable":true,"href":"https:\/\/horapicodigital.com.ar\/index.php\/wp-json\/wp\/v2\/media\/17457"}],"wp:attachment":[{"href":"https:\/\/horapicodigital.com.ar\/index.php\/wp-json\/wp\/v2\/media?parent=17456"}],"wp:term":[{"taxonomy":"category","embeddable":true,"href":"https:\/\/horapicodigital.com.ar\/index.php\/wp-json\/wp\/v2\/categories?post=17456"},{"taxonomy":"post_tag","embeddable":true,"href":"https:\/\/horapicodigital.com.ar\/index.php\/wp-json\/wp\/v2\/tags?post=17456"}],"curies":[{"name":"wp","href":"https:\/\/api.w.org\/{rel}","templated":true}]}}