{"id":17428,"date":"2025-11-08T09:40:18","date_gmt":"2025-11-08T12:40:18","guid":{"rendered":"https:\/\/horapicodigital.com.ar\/?p=17428"},"modified":"2025-11-08T09:40:19","modified_gmt":"2025-11-08T12:40:19","slug":"declararon-de-interes-legislativo-el-45-de-la-fundacion-y-la-repatriacion-del-marques-de-yavi","status":"publish","type":"post","link":"https:\/\/horapicodigital.com.ar\/index.php\/2025\/11\/08\/declararon-de-interes-legislativo-el-45-de-la-fundacion-y-la-repatriacion-del-marques-de-yavi\/","title":{"rendered":"Declararon de Inter\u00e9s Legislativo el 45\u00b0 de la fundaci\u00f3n y la repatriaci\u00f3n del Marqu\u00e9s de Yavi"},"content":{"rendered":"\n<p>En la \u00faltima sesi\u00f3n ordinaria, Diputados reconocieron trascendencia hist\u00f3rica del la localidad pune\u00f1a de Yavi, declarando de inter\u00e9s legislativo el 450\u00b0 de la fundaci\u00f3n y la repatriaci\u00f3n de los restos del M\u00e1rquez de este maravilloso pueblo juje\u00f1o.<\/p>\n\n\n\n<p>Los proyectos, impulsados por la Diputada Mar\u00eda Uriondo, buscan destacar dos hitos que tendr\u00e1n lugar la pr\u00f3xima semana, el<br>\u2022450\u00b0 Aniversario de la fundaci\u00f3n de Yavi: este acontecimiento ser\u00e1 acompa\u00f1ado por una semana completa de actividades conmemorativas en el pueblo.<\/p>\n\n\n\n<p>Tambi\u00e9n la repatriaci\u00f3n de los Restos del Marqu\u00e9s de Yavi: El cual es considerado una figura se\u00f1era y un ejemplo de sacrificio por la causa independentista, ya que cedi\u00f3 su fortuna y recursos, y particip\u00f3 activamente junto al Ej\u00e9rcito del Norte bajo el mando del General Manuel Belgrano, entregando finalmente su vida al servicio de la Patria.<\/p>\n\n\n\n<p>Uriondo, autora de las iniciativas, expres\u00f3 su satisfacci\u00f3n por el reconocimiento institucional:<br>\u00abEste es el mes de Yavi. 450 a\u00f1os de historia, ejemplo y reivindicaci\u00f3n de los juje\u00f1os en la historia nacional. Estoy entusiasmada por regresar a Yavi con estas dos Declaraciones de Inter\u00e9s. Las cuales no son solamente para los yave\u00f1os, sino para todos los juje\u00f1os, porque Yavi forma parte crucial de nuestra historia, tanto Provincial como Nacional. Es nuestra joya del norte, por lo que debemos destacarla cada vez que podamos\u201d.<\/p>\n\n\n\n<p><\/p>\n","protected":false},"excerpt":{"rendered":"<p>En la \u00faltima sesi\u00f3n ordinaria, Diputados reconocieron trascendencia hist\u00f3rica del la localidad pune\u00f1a de Yavi, declarando de inter\u00e9s legislativo el 450\u00b0 de la fundaci\u00f3n y la repatriaci\u00f3n de los restos del M\u00e1rquez de este maravilloso pueblo juje\u00f1o. Los proyectos, impulsados por la Diputada Mar\u00eda Uriondo, buscan destacar dos hitos que tendr\u00e1n lugar la pr\u00f3xima semana, [&hellip;]<\/p>\n","protected":false},"author":7,"featured_media":17430,"comment_status":"open","ping_status":"open","sticky":false,"template":"","format":"standard","meta":{"_themeisle_gutenberg_block_has_review":false,"footnotes":""},"categories":[1848],"tags":[58],"class_list":["post-17428","post","type-post","status-publish","format-standard","has-post-thumbnail","hentry","category-turismo","tag-jujuy"],"_links":{"self":[{"href":"https:\/\/horapicodigital.com.ar\/index.php\/wp-json\/wp\/v2\/posts\/17428","targetHints":{"allow":["GET"]}}],"collection":[{"href":"https:\/\/horapicodigital.com.ar\/index.php\/wp-json\/wp\/v2\/posts"}],"about":[{"href":"https:\/\/horapicodigital.com.ar\/index.php\/wp-json\/wp\/v2\/types\/post"}],"author":[{"embeddable":true,"href":"https:\/\/horapicodigital.com.ar\/index.php\/wp-json\/wp\/v2\/users\/7"}],"replies":[{"embeddable":true,"href":"https:\/\/horapicodigital.com.ar\/index.php\/wp-json\/wp\/v2\/comments?post=17428"}],"version-history":[{"count":1,"href":"https:\/\/horapicodigital.com.ar\/index.php\/wp-json\/wp\/v2\/posts\/17428\/revisions"}],"predecessor-version":[{"id":17431,"href":"https:\/\/horapicodigital.com.ar\/index.php\/wp-json\/wp\/v2\/posts\/17428\/revisions\/17431"}],"wp:featuredmedia":[{"embeddable":true,"href":"https:\/\/horapicodigital.com.ar\/index.php\/wp-json\/wp\/v2\/media\/17430"}],"wp:attachment":[{"href":"https:\/\/horapicodigital.com.ar\/index.php\/wp-json\/wp\/v2\/media?parent=17428"}],"wp:term":[{"taxonomy":"category","embeddable":true,"href":"https:\/\/horapicodigital.com.ar\/index.php\/wp-json\/wp\/v2\/categories?post=17428"},{"taxonomy":"post_tag","embeddable":true,"href":"https:\/\/horapicodigital.com.ar\/index.php\/wp-json\/wp\/v2\/tags?post=17428"}],"curies":[{"name":"wp","href":"https:\/\/api.w.org\/{rel}","templated":true}]}}