{"id":17413,"date":"2025-11-08T09:26:47","date_gmt":"2025-11-08T12:26:47","guid":{"rendered":"https:\/\/horapicodigital.com.ar\/?p=17413"},"modified":"2025-11-08T09:26:48","modified_gmt":"2025-11-08T12:26:48","slug":"estudiantes-ganadores-de-los-valles-recibieron-el-premio-del-concurso-1-minuto-por-mi-tierra","status":"publish","type":"post","link":"https:\/\/horapicodigital.com.ar\/index.php\/2025\/11\/08\/estudiantes-ganadores-de-los-valles-recibieron-el-premio-del-concurso-1-minuto-por-mi-tierra\/","title":{"rendered":"Estudiantes ganadores de los Valles recibieron el premio del Concurso \u00ab1 Minuto por mi Tierra\u00bb"},"content":{"rendered":"\n<p>Se entregaron los premios del Concurso \u201c1Minuto por mi Tierra\u201d en la regi\u00f3n Valles. Se trata de una iniciativa que promueve la conciencia ambiental a trav\u00e9s del lenguaje audiovisual.<\/p>\n\n\n\n<p>El Ministerio de Ambiente y Cambio Clim\u00e1tico, el Instituto de Artes Audiovisuales de Jujuy, y el Ministerio de Educaci\u00f3n, realizaron la Gala de Premiaci\u00f3n en la regi\u00f3n Valles, del concurso \u201cUn minuto por mi tierra\u201d. La propuesta promovi\u00f3 la conciencia ambiental a trav\u00e9s del lenguaje audiovisual y los cortometrajes.<\/p>\n\n\n\n<p>El certamen, destinado a estudiantes secundarios de 16 a 18 a\u00f1os de toda la provincia, convoc\u00f3 a j\u00f3venes de las cuatro regiones (Yungas, Quebrada, Valles y Puna) para crear videos de un minuto que permitan reflexionar sobre los problemas ambientales y proponer soluciones desde su mirada innovadora y creativa.<\/p>\n\n\n\n<p>Estuvieron presentes la ministra de Ambiente y Cambio Clim\u00e1tico, Mar\u00eda In\u00e9s Zigar\u00e1n; el presidente del IAAJ, Patricio Artero; la directora de Fomento y Promoci\u00f3n de la misma instituci\u00f3n, Bel\u00e9n Su\u00e1rez; el director de Educaci\u00f3n y Comunicaci\u00f3n, Nicol\u00e1s Herrera, acompa\u00f1ado de su equipo; la directora de Cambio Clim\u00e1tico, Rosario Boggione; y el reconocido influencer y creador de contenido, Juan Irusta, que integr\u00f3 el jurado de evaluaci\u00f3n de las propuestas.<\/p>\n\n\n\n<p>Al respecto, la ministra Zigar\u00e1n expres\u00f3: \u201cEsta es una iniciativa del Instituto de Artes Audiovisuales de Jujuy, a trav\u00e9s de sus directores, de Patricio Artero y de Bel\u00e9n Su\u00e1rez. Hemos trabajado junto al Ministerio de Ambiente, tambi\u00e9n al Ministerio de Educaci\u00f3n, para llevar adelante este concurso de Un Minuto por mi Tierra, que convoc\u00f3 a j\u00f3venes de entre 16 y 18 a\u00f1os para la producci\u00f3n de peque\u00f1os audiovisuales que tuvieran tem\u00e1tica ambiental\u201d.&nbsp;<\/p>\n\n\n\n<p>La funcionaria destac\u00f3 la participaci\u00f3n en el concurso: \u201cLa verdad es que se han presentado j\u00f3venes de todas las regiones de la provincia abordando diversas problem\u00e1ticas ambientales. Sobresale mucho la problem\u00e1tica de residuos, pero quiero destacar en este sentido que los j\u00f3venes han hecho mucho hincapi\u00e9 en la responsabilidad individual que tiene cada uno de los seres humanos en relaci\u00f3n con la gesti\u00f3n de los residuos\u201d.&nbsp;<\/p>\n\n\n\n<p>Tambi\u00e9n indic\u00f3 que aparecen problem\u00e1ticas vinculadas a la biodiversidad, como la extinci\u00f3n del yaguaret\u00e9, la situaci\u00f3n de extrema vulnerabilidad en la que se encuentra la especie, en peligro de extinci\u00f3n.&nbsp;<\/p>\n\n\n\n<p>Por \u00faltimo, Zigar\u00e1n resalt\u00f3 que \u201clas nuevas generaciones, los ni\u00f1os y los adolescentes, tienen una gran conciencia de las problem\u00e1ticas ambientales, y eso tiene que ver con muchos factores. Probablemente con muchas de las acciones que llevamos adelante desde el Ministerio en materia de educaci\u00f3n ambiental, con el trabajo que hace el Ministerio de Educaci\u00f3n, con el trabajo que hacen los docentes en las escuelas tambi\u00e9n\u201d.&nbsp;<\/p>\n\n\n\n<p>Por su parte, Bel\u00e9n Su\u00e1rez, dijo que \u201cdesde el a\u00f1o pasado comenzamos esta iniciativa, un concurso dedicado a las escuelas secundarias. Lo hicimos en forma conjunta con el Ministerio de Ambiente y tambi\u00e9n con la coordinaci\u00f3n y la participaci\u00f3n del Ministerio de Educaci\u00f3n para poder llegar justamente a los chicos de las distintas escuelas secundarias, cuarto, quinto y sexto a\u00f1o con las escuelas t\u00e9cnicas\u201d.&nbsp;<\/p>\n\n\n\n<p>Su\u00e1rez valor\u00f3 el esfuerzo de los chicos, \u201ccreo que fueron impresionantes las t\u00e9cnicas en cuanto a lo audiovisual, y despu\u00e9s tambi\u00e9n el compromiso que tienen en cuanto a la problem\u00e1tica, porque hay videos que de verdad tienen un mensaje muy claro, conciso. Es muy dif\u00edcil hacer un video en poco tiempo, en uno, dos, tres minutos, y la verdad que los chicos lo han logrado de manera extraordinaria\u201d.&nbsp;<\/p>\n\n\n\n<p>Durante el evento, realizado en el Microcine de la Ciudad de las Artes, se premiaron y reconocieron proyectos ganadores y destacados de la regi\u00f3n Valles, que recibieron herramientas y dispositivos de producci\u00f3n audiovisual y kit sustentables por su compromiso y creatividad.&nbsp;<\/p>\n\n\n\n<p>Proyectos premiados:&nbsp;<\/p>\n\n\n\n<p>1\u00ba premio Zona Valle: \u201cLa lllamada de la naturaleza\u201d, de Candelaria Del Valle Chavez, Emilce Yuliana Arcienega, Josefina Lenadra Flores, Shaiel Nera Cruz Liborio, del Colegio Juan Bautista de La Salle.&nbsp;<\/p>\n\n\n\n<p>Menciones especiales:&nbsp;<\/p>\n\n\n\n<p>* \u201cUn barrio afectado\u201d, de Tomas L\u00f3pez, Geraldine Ariadna Mamani, Luciana Aymara Troncoso y Ana Victoria Del Pilar Vilte.&nbsp;<\/p>\n\n\n\n<p>* \u201cEl planeta es uno solo, cuid\u00e9moslo, juntos podemos\u201d, de Joselyn Alexandra Fabiana Guti\u00e9rrez, Tatiana Jael M\u00e9ndez, Yuliana Sof\u00eda Cristina Villa y Briana Roc\u00edo Rivero.&nbsp;<\/p>\n\n\n\n<p>* \u201cLa contaminaci\u00f3n y la oxidaci\u00f3n en los parques: un llamado a cuidar a la Madre Tierra\u201d, de Luana Aylin Quiroga Canavire, Mar\u00eda Guadalupe Ramos, Tamara Valentina Taritolay y Eliseo Ruben Angel Veliz.&nbsp;<\/p>\n\n\n\n<p>* \u201cMi tierra. Mi barrio. Mi hogar.\u201d, de Emilce Yuliana Arcienega, Dante Uriel Ballestero, y Rodrigo Ger\u00f3nimo Gonzalo Diaz, integrantes del Peri\u00f3dico Escolar Conectados La Salle.&nbsp;<\/p>\n\n\n\n<p>El jurado estuvo integrado por Rosario Boggione, directora Provincial de Cambio Clim\u00e1tico; Lucio Malizia, bi\u00f3logo y productor audiovisual; y Juan Irusta, realizador audiovisual referente del Centro de Innovaci\u00f3n Educativa.&nbsp;<\/p>\n\n\n\n<p>Con este concurso, el Gobierno de Jujuy impulsa la participaci\u00f3n juvenil en la construcci\u00f3n de una conciencia ambiental colectiva, apostando al arte y la educaci\u00f3n como herramientas de transformaci\u00f3n.<\/p>\n\n\n\n<p><\/p>\n","protected":false},"excerpt":{"rendered":"<p>Se entregaron los premios del Concurso \u201c1Minuto por mi Tierra\u201d en la regi\u00f3n Valles. Se trata de una iniciativa que promueve la conciencia ambiental a trav\u00e9s del lenguaje audiovisual. El Ministerio de Ambiente y Cambio Clim\u00e1tico, el Instituto de Artes Audiovisuales de Jujuy, y el Ministerio de Educaci\u00f3n, realizaron la Gala de Premiaci\u00f3n en la [&hellip;]<\/p>\n","protected":false},"author":7,"featured_media":17414,"comment_status":"open","ping_status":"open","sticky":false,"template":"","format":"standard","meta":{"_themeisle_gutenberg_block_has_review":false,"footnotes":""},"categories":[118],"tags":[336,58],"class_list":["post-17413","post","type-post","status-publish","format-standard","has-post-thumbnail","hentry","category-sociedad","tag-ambiente","tag-jujuy"],"_links":{"self":[{"href":"https:\/\/horapicodigital.com.ar\/index.php\/wp-json\/wp\/v2\/posts\/17413","targetHints":{"allow":["GET"]}}],"collection":[{"href":"https:\/\/horapicodigital.com.ar\/index.php\/wp-json\/wp\/v2\/posts"}],"about":[{"href":"https:\/\/horapicodigital.com.ar\/index.php\/wp-json\/wp\/v2\/types\/post"}],"author":[{"embeddable":true,"href":"https:\/\/horapicodigital.com.ar\/index.php\/wp-json\/wp\/v2\/users\/7"}],"replies":[{"embeddable":true,"href":"https:\/\/horapicodigital.com.ar\/index.php\/wp-json\/wp\/v2\/comments?post=17413"}],"version-history":[{"count":1,"href":"https:\/\/horapicodigital.com.ar\/index.php\/wp-json\/wp\/v2\/posts\/17413\/revisions"}],"predecessor-version":[{"id":17415,"href":"https:\/\/horapicodigital.com.ar\/index.php\/wp-json\/wp\/v2\/posts\/17413\/revisions\/17415"}],"wp:featuredmedia":[{"embeddable":true,"href":"https:\/\/horapicodigital.com.ar\/index.php\/wp-json\/wp\/v2\/media\/17414"}],"wp:attachment":[{"href":"https:\/\/horapicodigital.com.ar\/index.php\/wp-json\/wp\/v2\/media?parent=17413"}],"wp:term":[{"taxonomy":"category","embeddable":true,"href":"https:\/\/horapicodigital.com.ar\/index.php\/wp-json\/wp\/v2\/categories?post=17413"},{"taxonomy":"post_tag","embeddable":true,"href":"https:\/\/horapicodigital.com.ar\/index.php\/wp-json\/wp\/v2\/tags?post=17413"}],"curies":[{"name":"wp","href":"https:\/\/api.w.org\/{rel}","templated":true}]}}