{"id":17404,"date":"2025-11-08T08:44:43","date_gmt":"2025-11-08T11:44:43","guid":{"rendered":"https:\/\/horapicodigital.com.ar\/?p=17404"},"modified":"2025-11-08T08:44:44","modified_gmt":"2025-11-08T11:44:44","slug":"matias-jurado-podria-tener-el-beneficio-de-prision-domiciliaria","status":"publish","type":"post","link":"https:\/\/horapicodigital.com.ar\/index.php\/2025\/11\/08\/matias-jurado-podria-tener-el-beneficio-de-prision-domiciliaria\/","title":{"rendered":"\u00bfMat\u00edas Jurado podr\u00eda tener el beneficio de prisi\u00f3n domiciliaria?"},"content":{"rendered":"\n<p>El presunto asesino serial\u00a0<strong>Mat\u00edas Jurado<\/strong>, enfrenta varios cargos por asesinato en Jujuy. La investigaci\u00f3n continua.<\/p>\n\n\n\n<p>El caso\u00a0<strong>Mat\u00edas Jurado<\/strong>, el presunto asesino serial de Alto Comedero, sigue generando indignaci\u00f3n en Jujuy y en las pr\u00f3ximas horas\u00a0<strong>afrontar\u00eda una nueva acusaci\u00f3n de la fiscal\u00eda<\/strong>\u00a0por homicidio en perjuicio de una quinta v\u00edctima.<\/p>\n\n\n\n<p>El&nbsp;<strong>Fiscal Regional del Ministerio P\u00fablico de la Acusaci\u00f3n, Guillermo Beller<\/strong>, confirm\u00f3 que&nbsp;<strong>Jurado \u00abpermanece con prisi\u00f3n preventiva vigente hasta el 4 de diciembre\u00bb<\/strong>, y aclar\u00f3 que \u00ab<strong>no est\u00e1 previsto su cese ni la concesi\u00f3n de prisi\u00f3n domiciliaria\u00bb.<\/strong><\/p>\n\n\n\n<p>Destac\u00f3 que&nbsp;<strong>el Ministerio P\u00fablico de la Acusaci\u00f3n solicitar\u00e1 la pr\u00f3rroga de la prisi\u00f3n preventiva<\/strong>&nbsp;para continuar con medidas investigativas pendientes, como la \u00faltima tanda de pericias preliminares, tras lo cual se prev\u00e9 solicitar la audiencia de control de acusaci\u00f3n, paso previo al juicio oral y p\u00fablico.<\/p>\n\n\n\n<p><strong>Beller dijo que las pericias psicol\u00f3gicas y psiqui\u00e1tricas practicadas a Mat\u00edas Jurado confirmaron su imputabilidad<\/strong>\u00a0en perjuicio de cinco v\u00edctimas identificadas desde el inicio de la investigaci\u00f3n, cuya identidad fueron confirmadas mediante pericias gen\u00e9ticas de ADN, adem\u00e1s de seguir con los estudios de dos perfiles gen\u00e9ticos no individualizados, que podr\u00edan corresponder a otras personas.<\/p>\n\n\n\n<h2 class=\"wp-block-heading\">\u201cMat\u00edas Jurado sigue aislado\u201d<\/h2>\n\n\n\n<p>Beller precis\u00f3 que \u201c<strong>Jurado sigue con la modalidad que ten\u00eda en un principio en el Servicio Penitenciario, est\u00e1 aislado<\/strong>, por decirlo de alguna manera, con m\u00e1xima seguridad. La situaci\u00f3n no se ha modificado\u00bb, recalc\u00f3 el fiscal.<\/p>\n\n\n\n<p>Jurado est\u00e1&nbsp;<strong>detenido en el penal de Gorriti,<\/strong>&nbsp;y tiempo atr\u00e1s present\u00f3 un escrito en el que&nbsp;<strong>manifest\u00f3 su decisi\u00f3n de no mantener contacto con su familia,<\/strong>&nbsp;solo con su abogado, mientras permanezca bajo custodia y podr\u00eda recibir este mes malas noticias.<\/p>\n\n\n\n<p><\/p>\n","protected":false},"excerpt":{"rendered":"<p>El presunto asesino serial\u00a0Mat\u00edas Jurado, enfrenta varios cargos por asesinato en Jujuy. La investigaci\u00f3n continua. El caso\u00a0Mat\u00edas Jurado, el presunto asesino serial de Alto Comedero, sigue generando indignaci\u00f3n en Jujuy y en las pr\u00f3ximas horas\u00a0afrontar\u00eda una nueva acusaci\u00f3n de la fiscal\u00eda\u00a0por homicidio en perjuicio de una quinta v\u00edctima. El&nbsp;Fiscal Regional del Ministerio P\u00fablico de la [&hellip;]<\/p>\n","protected":false},"author":7,"featured_media":17405,"comment_status":"open","ping_status":"open","sticky":false,"template":"","format":"standard","meta":{"_themeisle_gutenberg_block_has_review":false,"footnotes":""},"categories":[2877],"tags":[58],"class_list":["post-17404","post","type-post","status-publish","format-standard","has-post-thumbnail","hentry","category-crimen-y-justicia","tag-jujuy"],"_links":{"self":[{"href":"https:\/\/horapicodigital.com.ar\/index.php\/wp-json\/wp\/v2\/posts\/17404","targetHints":{"allow":["GET"]}}],"collection":[{"href":"https:\/\/horapicodigital.com.ar\/index.php\/wp-json\/wp\/v2\/posts"}],"about":[{"href":"https:\/\/horapicodigital.com.ar\/index.php\/wp-json\/wp\/v2\/types\/post"}],"author":[{"embeddable":true,"href":"https:\/\/horapicodigital.com.ar\/index.php\/wp-json\/wp\/v2\/users\/7"}],"replies":[{"embeddable":true,"href":"https:\/\/horapicodigital.com.ar\/index.php\/wp-json\/wp\/v2\/comments?post=17404"}],"version-history":[{"count":1,"href":"https:\/\/horapicodigital.com.ar\/index.php\/wp-json\/wp\/v2\/posts\/17404\/revisions"}],"predecessor-version":[{"id":17406,"href":"https:\/\/horapicodigital.com.ar\/index.php\/wp-json\/wp\/v2\/posts\/17404\/revisions\/17406"}],"wp:featuredmedia":[{"embeddable":true,"href":"https:\/\/horapicodigital.com.ar\/index.php\/wp-json\/wp\/v2\/media\/17405"}],"wp:attachment":[{"href":"https:\/\/horapicodigital.com.ar\/index.php\/wp-json\/wp\/v2\/media?parent=17404"}],"wp:term":[{"taxonomy":"category","embeddable":true,"href":"https:\/\/horapicodigital.com.ar\/index.php\/wp-json\/wp\/v2\/categories?post=17404"},{"taxonomy":"post_tag","embeddable":true,"href":"https:\/\/horapicodigital.com.ar\/index.php\/wp-json\/wp\/v2\/tags?post=17404"}],"curies":[{"name":"wp","href":"https:\/\/api.w.org\/{rel}","templated":true}]}}