{"id":17397,"date":"2025-11-07T09:41:22","date_gmt":"2025-11-07T12:41:22","guid":{"rendered":"https:\/\/horapicodigital.com.ar\/?p=17397"},"modified":"2025-11-07T09:41:24","modified_gmt":"2025-11-07T12:41:24","slug":"milei-llego-a-nueva-york-para-reunirse-con-empresarios-y-visitar-la-tumba-de-un-lider-judio","status":"publish","type":"post","link":"https:\/\/horapicodigital.com.ar\/index.php\/2025\/11\/07\/milei-llego-a-nueva-york-para-reunirse-con-empresarios-y-visitar-la-tumba-de-un-lider-judio\/","title":{"rendered":"Milei lleg\u00f3 a Nueva York para reunirse con empresarios y visitar la tumba de un l\u00edder jud\u00edo"},"content":{"rendered":"\n<p>El Presidente volver\u00e1 a hablar ante inversores. Ir\u00e1 a agradecer el triunfo electoral ante el sepulcro del \u201cRebe de Lubavitch\u201d. Luego volar\u00e1 a Bolivia para la asunci\u00f3n de Rodrigo Paz.<\/p>\n\n\n\n<p>Luego de participar en el American Business Forum en Miami, el Presidente&nbsp;<strong>Javier Milei volver\u00e1 a hablar ante empresarios en Estados Unidos<\/strong>&nbsp;este viernes con el foco puesto en alentarlos a invertir en la Argentina.<\/p>\n\n\n\n<p>Esta vez ser\u00e1 en Nueva York, donde al mediod\u00eda participar\u00e1 en el conversatorio \u201cNuevas oportunidades de inversi\u00f3n en Argentina\u201d del Council of the Americas. Esta ser\u00e1 su \u00faltima actividad en el pa\u00eds gobernado por&nbsp;<strong>Donald Trump.<\/strong><\/p>\n\n\n\n<p>Tambi\u00e9n visitar\u00e1 la tumba del \u201cRebe de Lubavitch\u201d, un sitio que considera clave en su camino pol\u00edtico. Agradecer\u00e1 por el triunfo electoral del 26 de octubre.<\/p>\n\n\n\n<p>La visita de Milei a Nueva York ser\u00e1 por apenas unas horas. A las 19 de este viernes viajar\u00e1 a Santa Cruz de la Sierra, en Bolivia. Luego tomar\u00e1 otro vuelo a la ciudad de El Alto, donde se espera que llegue a las 10.20 del s\u00e1bado.<\/p>\n\n\n\n<p>All\u00ed&nbsp;<strong>participar\u00e1 de la asunci\u00f3n del nuevo presidente de Bolivia<\/strong>, Rodrigo Paz Pereira. La Solemne Sesi\u00f3n Inaugural de la Asamblea Nacional Legislativa Plurinacional ser\u00e1 a las 11. A las 13, asistir\u00e1 a la ceremonia de entrega del Bast\u00f3n de mando.<\/p>\n\n\n\n<p>Est\u00e1 previsto que a las 14 se suba al avi\u00f3n que lo traer\u00e1 de regreso a Buenos Aires, donde llegar\u00e1 a las 17.35 horas del mismo d\u00eda.<\/p>\n\n\n\n<h4 class=\"wp-block-heading\"><strong>El v\u00ednculo con Estados Unidos<\/strong><\/h4>\n\n\n\n<p><strong>\u201cVamos a hacer a Argentina y Am\u00e9rica great again\u201d<\/strong>, dijo el jefe de Estado en Miami parafraseando el slogan de campa\u00f1a de Trump. Con este viaje, Milei suma su decimocuarta visita a Estados Unidos desde que asumi\u00f3 la Presidencia, confirmando a Washington como&nbsp;<strong>su principal aliado internacional.<\/strong><\/p>\n\n\n\n<p>El American Business Forum re\u00fane a figuras influyentes de la pol\u00edtica, las finanzas y el deporte, y se consolida como un espacio clave para proyectar liderazgo ante la \u00e9lite global. Seg\u00fan fuentes oficiales, el Presidente busca&nbsp;<strong>reforzar su perfil internacional&nbsp;<\/strong>y estrechar v\u00ednculos con empresarios y dirigentes del mundo conservador.<\/p>\n\n\n\n<p>En la Casa Rosada aseguran que&nbsp;<strong>no hay una fecha fija para la visita del secretario del Tesoro<\/strong>&nbsp;de los Estados Unidos, Scott Bessent, para reunirse con Javier Milei m\u00e1s all\u00e1 de que el funcionario norteamericano expresara este jueves en sus redes que tiene previsto visitar la Argentina en breve. \u201c<strong>No hay nada cerrado a\u00fan\u201d,<\/strong>&nbsp;agregan.<\/p>\n\n\n\n<p>El Gobierno negocia a la par -con el respaldo de Washington- con los principales bancos de Wall Street<strong>&nbsp;un pr\u00e9stamo por US$20.000 millones&nbsp;<\/strong>para cubrir vencimientos de deuda de 2026. El swap por US$20.000 millones con la administraci\u00f3n de Donald Trump ya fue oficializado por el Banco Central.<\/p>\n\n\n\n<p><a href=\"https:\/\/www.somosjujuy.com.ar\/economia\/javier-milei-le-puso-fecha-fin-bandas-cambiarias-dolar-n110463\"><\/a><\/p>\n","protected":false},"excerpt":{"rendered":"<p>El Presidente volver\u00e1 a hablar ante inversores. Ir\u00e1 a agradecer el triunfo electoral ante el sepulcro del \u201cRebe de Lubavitch\u201d. Luego volar\u00e1 a Bolivia para la asunci\u00f3n de Rodrigo Paz. Luego de participar en el American Business Forum en Miami, el Presidente&nbsp;Javier Milei volver\u00e1 a hablar ante empresarios en Estados Unidos&nbsp;este viernes con el foco [&hellip;]<\/p>\n","protected":false},"author":7,"featured_media":17398,"comment_status":"open","ping_status":"open","sticky":false,"template":"","format":"standard","meta":{"_themeisle_gutenberg_block_has_review":false,"footnotes":""},"categories":[81,33,118],"tags":[971,19],"class_list":["post-17397","post","type-post","status-publish","format-standard","has-post-thumbnail","hentry","category-general","category-politica","category-sociedad","tag-milei","tag-mundo"],"_links":{"self":[{"href":"https:\/\/horapicodigital.com.ar\/index.php\/wp-json\/wp\/v2\/posts\/17397","targetHints":{"allow":["GET"]}}],"collection":[{"href":"https:\/\/horapicodigital.com.ar\/index.php\/wp-json\/wp\/v2\/posts"}],"about":[{"href":"https:\/\/horapicodigital.com.ar\/index.php\/wp-json\/wp\/v2\/types\/post"}],"author":[{"embeddable":true,"href":"https:\/\/horapicodigital.com.ar\/index.php\/wp-json\/wp\/v2\/users\/7"}],"replies":[{"embeddable":true,"href":"https:\/\/horapicodigital.com.ar\/index.php\/wp-json\/wp\/v2\/comments?post=17397"}],"version-history":[{"count":1,"href":"https:\/\/horapicodigital.com.ar\/index.php\/wp-json\/wp\/v2\/posts\/17397\/revisions"}],"predecessor-version":[{"id":17399,"href":"https:\/\/horapicodigital.com.ar\/index.php\/wp-json\/wp\/v2\/posts\/17397\/revisions\/17399"}],"wp:featuredmedia":[{"embeddable":true,"href":"https:\/\/horapicodigital.com.ar\/index.php\/wp-json\/wp\/v2\/media\/17398"}],"wp:attachment":[{"href":"https:\/\/horapicodigital.com.ar\/index.php\/wp-json\/wp\/v2\/media?parent=17397"}],"wp:term":[{"taxonomy":"category","embeddable":true,"href":"https:\/\/horapicodigital.com.ar\/index.php\/wp-json\/wp\/v2\/categories?post=17397"},{"taxonomy":"post_tag","embeddable":true,"href":"https:\/\/horapicodigital.com.ar\/index.php\/wp-json\/wp\/v2\/tags?post=17397"}],"curies":[{"name":"wp","href":"https:\/\/api.w.org\/{rel}","templated":true}]}}