{"id":17391,"date":"2025-11-07T09:35:04","date_gmt":"2025-11-07T12:35:04","guid":{"rendered":"https:\/\/horapicodigital.com.ar\/?p=17391"},"modified":"2025-11-07T09:35:05","modified_gmt":"2025-11-07T12:35:05","slug":"tragedia-en-ruta-provincial-5-dos-personas-fallecieron-y-hay-varios-heridos","status":"publish","type":"post","link":"https:\/\/horapicodigital.com.ar\/index.php\/2025\/11\/07\/tragedia-en-ruta-provincial-5-dos-personas-fallecieron-y-hay-varios-heridos\/","title":{"rendered":"Tragedia en Ruta Provincial 5: dos personas fallecieron y hay varios heridos"},"content":{"rendered":"\n<p>Ocurri\u00f3 el jueves por la noche en el paraje Campo Grande, a ocho kil\u00f3metros de La Quiaca.<\/p>\n\n\n\n<p><strong>Dos personas murieron producto de un siniestro vial ocurrido en Ruta Provincial 5<\/strong>&nbsp;en direcci\u00f3n a la localidad de Yavi. Por el hecho tambi\u00e9n<strong>&nbsp;hay cuatro heridos<\/strong>.<\/p>\n\n\n\n<p>El accidente de tr\u00e1nsito&nbsp;<strong>se produjo el jueves alrededor de las 20:30 horas a la altura del paraje Campo Grand<\/strong>e, a unos ocho kil\u00f3metros de La Quiaca.<\/p>\n\n\n\n<p>Por causas que se tratan de establecer, en ese sitio&nbsp;<strong>hubo un choque frontal entre una camioneta Toyota Hiluxm en la que viajaban cinco personas y una Ecosport, con un solo ocupante<\/strong>.&nbsp;<\/p>\n\n\n\n<p>Al arribar el personal policial de la Seccional 17, observaron que se hab\u00eda producido el impacto de ambos rodados de manera frontal (circulaban en sentido contrario).<\/p>\n\n\n\n<p>Producto del siniestro,&nbsp;<strong>ambos choferes de los rodados quedaron aprisionados en el interior de los rodados, falleciendo en el lugar.<\/strong><\/p>\n\n\n\n<p>En tanto que que los ocupantes de la Toyota Hilux fueron auxiliados por personal del SAM,E quienes procedieron al traslado de las v\u00edctimas al hospital Jorge Uro de La Quiaca. Todas se encuentran en estado reservado.<\/p>\n\n\n\n<p>Las pericias y testimonios recabados por la Polic\u00eda, indican que en el siniestro vial tambi\u00e9n estuvo involucrado un motoveh\u00edculo que circulaba sin luces, pero posteriormente al accidente se dio a la fuga, quedando esto a\u00fan en materia de investigaci\u00f3n.<\/p>\n\n\n\n<p>En el lugar trabaj\u00f3 personal de Criminal\u00edstica y Bomberos, quienes procedieron a liberar los cuerpos y realizaron las correspondientes pericias en el lugar.<\/p>\n","protected":false},"excerpt":{"rendered":"<p>Ocurri\u00f3 el jueves por la noche en el paraje Campo Grande, a ocho kil\u00f3metros de La Quiaca. Dos personas murieron producto de un siniestro vial ocurrido en Ruta Provincial 5&nbsp;en direcci\u00f3n a la localidad de Yavi. Por el hecho tambi\u00e9n&nbsp;hay cuatro heridos. El accidente de tr\u00e1nsito&nbsp;se produjo el jueves alrededor de las 20:30 horas a [&hellip;]<\/p>\n","protected":false},"author":7,"featured_media":17392,"comment_status":"open","ping_status":"open","sticky":false,"template":"","format":"standard","meta":{"_themeisle_gutenberg_block_has_review":false,"footnotes":""},"categories":[2797,2877],"tags":[58],"class_list":["post-17391","post","type-post","status-publish","format-standard","has-post-thumbnail","hentry","category-accidente","category-crimen-y-justicia","tag-jujuy"],"_links":{"self":[{"href":"https:\/\/horapicodigital.com.ar\/index.php\/wp-json\/wp\/v2\/posts\/17391","targetHints":{"allow":["GET"]}}],"collection":[{"href":"https:\/\/horapicodigital.com.ar\/index.php\/wp-json\/wp\/v2\/posts"}],"about":[{"href":"https:\/\/horapicodigital.com.ar\/index.php\/wp-json\/wp\/v2\/types\/post"}],"author":[{"embeddable":true,"href":"https:\/\/horapicodigital.com.ar\/index.php\/wp-json\/wp\/v2\/users\/7"}],"replies":[{"embeddable":true,"href":"https:\/\/horapicodigital.com.ar\/index.php\/wp-json\/wp\/v2\/comments?post=17391"}],"version-history":[{"count":1,"href":"https:\/\/horapicodigital.com.ar\/index.php\/wp-json\/wp\/v2\/posts\/17391\/revisions"}],"predecessor-version":[{"id":17393,"href":"https:\/\/horapicodigital.com.ar\/index.php\/wp-json\/wp\/v2\/posts\/17391\/revisions\/17393"}],"wp:featuredmedia":[{"embeddable":true,"href":"https:\/\/horapicodigital.com.ar\/index.php\/wp-json\/wp\/v2\/media\/17392"}],"wp:attachment":[{"href":"https:\/\/horapicodigital.com.ar\/index.php\/wp-json\/wp\/v2\/media?parent=17391"}],"wp:term":[{"taxonomy":"category","embeddable":true,"href":"https:\/\/horapicodigital.com.ar\/index.php\/wp-json\/wp\/v2\/categories?post=17391"},{"taxonomy":"post_tag","embeddable":true,"href":"https:\/\/horapicodigital.com.ar\/index.php\/wp-json\/wp\/v2\/tags?post=17391"}],"curies":[{"name":"wp","href":"https:\/\/api.w.org\/{rel}","templated":true}]}}