{"id":17335,"date":"2025-11-05T08:37:24","date_gmt":"2025-11-05T11:37:24","guid":{"rendered":"https:\/\/horapicodigital.com.ar\/?p=17335"},"modified":"2025-11-05T08:37:25","modified_gmt":"2025-11-05T11:37:25","slug":"se-suman-moviles-0km-y-nuevos-equipos-al-sistema-de-salud","status":"publish","type":"post","link":"https:\/\/horapicodigital.com.ar\/index.php\/2025\/11\/05\/se-suman-moviles-0km-y-nuevos-equipos-al-sistema-de-salud\/","title":{"rendered":"Se suman m\u00f3viles 0KM y nuevos equipos al sistema de salud"},"content":{"rendered":"\n<p>Con esta entrega, se ampl\u00eda la capacidad operativa de Itinerancias y del SAME 107, mejorando la respuesta ante emergencias y la atenci\u00f3n en el interior.<\/p>\n\n\n\n<p>El gobernador de Jujuy, Carlos Sadir, y el ministro de Salud, Gustavo Bouhid, encabezaron el pasado viernes en Ciudad Cultural<strong>&nbsp;la entrega de dos camionetas para reforzar el parque automotor del sistema p\u00fablico<\/strong>. En paralelo, visitaron las instalaciones del nuevo puesto estrat\u00e9gico del SAME 107.<\/p>\n\n\n\n<p>\u201cEntregamos dos unidades 0KM para el trabajo de Itinerancias que permite que nuestros m\u00e9dicos y personal de salud llegue al interior, acercando el sistema a la gente, de modo que<strong>&nbsp;el interior y nuestros hospitales regionales puedan recibir a las diferentes especialidades como oftalmolog\u00eda, cardiolog\u00eda, traumatolog\u00eda, pediatr\u00eda, entre otra<\/strong>s\u201d, explic\u00f3 Bouhid, y destac\u00f3 que \u201cmientras se garantiza la seguridad de los equipos en los traslados, demostramos una vez m\u00e1s la apuesta a la salud p\u00fablica que realiza el Gobierno de Jujuy, por decisi\u00f3n del gobernador Sadir\u201d.<\/p>\n\n\n\n<p>En el mismo sentido, anticip\u00f3 que&nbsp;<strong>pr\u00f3ximamente se incorporar\u00e1n siete nuevos m\u00f3viles al SAME 107&nbsp;<\/strong>y ponder\u00f3 que \u201cla red de emergencia se ha diagramado de complejidad creciente, de periferia a centro desde La Quiaca hasta el \u00faltimo rinc\u00f3n de la provincia. En el caso de la base en Ciudad Cultural, unidad asistencial n\u00famero 38 del SAME, tiene una din\u00e1mica estrat\u00e9gica para la respuesta frente a accidentolog\u00eda en la autopista hacia y desde la Quebrada de Humahuaca\u201d.<\/p>\n\n\n\n<p>\u201cDurante el d\u00eda esta base funciona casi como un puesto de salud para la asistencia necesaria a vecinos de Alto Padilla, para la Ciudad de las Artes y por el movimiento permanente de la Ciudad Cultural con actividad f\u00edsica, encuentros deportivos y eventos musicales\u201d, sostuvo Bouhid.<\/p>\n\n\n\n<p>Por ultimo, destac\u00f3 que desde este viernes se encuentran en funcionamiento los nuevos equipos digitales de Raxos X en guardias del Hospital Snopek y del Centro de Especialidades Norte (CEN).<\/p>\n\n\n\n<p><\/p>\n","protected":false},"excerpt":{"rendered":"<p>Con esta entrega, se ampl\u00eda la capacidad operativa de Itinerancias y del SAME 107, mejorando la respuesta ante emergencias y la atenci\u00f3n en el interior. El gobernador de Jujuy, Carlos Sadir, y el ministro de Salud, Gustavo Bouhid, encabezaron el pasado viernes en Ciudad Cultural&nbsp;la entrega de dos camionetas para reforzar el parque automotor del [&hellip;]<\/p>\n","protected":false},"author":7,"featured_media":17336,"comment_status":"open","ping_status":"open","sticky":false,"template":"","format":"standard","meta":{"_themeisle_gutenberg_block_has_review":false,"footnotes":""},"categories":[11],"tags":[58],"class_list":["post-17335","post","type-post","status-publish","format-standard","has-post-thumbnail","hentry","category-salud","tag-jujuy"],"_links":{"self":[{"href":"https:\/\/horapicodigital.com.ar\/index.php\/wp-json\/wp\/v2\/posts\/17335","targetHints":{"allow":["GET"]}}],"collection":[{"href":"https:\/\/horapicodigital.com.ar\/index.php\/wp-json\/wp\/v2\/posts"}],"about":[{"href":"https:\/\/horapicodigital.com.ar\/index.php\/wp-json\/wp\/v2\/types\/post"}],"author":[{"embeddable":true,"href":"https:\/\/horapicodigital.com.ar\/index.php\/wp-json\/wp\/v2\/users\/7"}],"replies":[{"embeddable":true,"href":"https:\/\/horapicodigital.com.ar\/index.php\/wp-json\/wp\/v2\/comments?post=17335"}],"version-history":[{"count":1,"href":"https:\/\/horapicodigital.com.ar\/index.php\/wp-json\/wp\/v2\/posts\/17335\/revisions"}],"predecessor-version":[{"id":17337,"href":"https:\/\/horapicodigital.com.ar\/index.php\/wp-json\/wp\/v2\/posts\/17335\/revisions\/17337"}],"wp:featuredmedia":[{"embeddable":true,"href":"https:\/\/horapicodigital.com.ar\/index.php\/wp-json\/wp\/v2\/media\/17336"}],"wp:attachment":[{"href":"https:\/\/horapicodigital.com.ar\/index.php\/wp-json\/wp\/v2\/media?parent=17335"}],"wp:term":[{"taxonomy":"category","embeddable":true,"href":"https:\/\/horapicodigital.com.ar\/index.php\/wp-json\/wp\/v2\/categories?post=17335"},{"taxonomy":"post_tag","embeddable":true,"href":"https:\/\/horapicodigital.com.ar\/index.php\/wp-json\/wp\/v2\/tags?post=17335"}],"curies":[{"name":"wp","href":"https:\/\/api.w.org\/{rel}","templated":true}]}}