{"id":17242,"date":"2025-10-22T07:23:49","date_gmt":"2025-10-22T10:23:49","guid":{"rendered":"https:\/\/horapicodigital.com.ar\/?p=17242"},"modified":"2025-10-22T07:52:29","modified_gmt":"2025-10-22T10:52:29","slug":"sadir-recibio-a-la-cupula-de-la-sociedad-rural-argentina","status":"publish","type":"post","link":"https:\/\/horapicodigital.com.ar\/index.php\/2025\/10\/22\/sadir-recibio-a-la-cupula-de-la-sociedad-rural-argentina\/","title":{"rendered":"Sadir recibi\u00f3 a la c\u00fapula de la Sociedad Rural Argentina"},"content":{"rendered":"\n<p>En el marco del Encuentro Federal del Agro Argentino, el gobernador de la Provincia, Carlos Sadir, se reuni\u00f3 con el presidente de la Sociedad Rural Argentina, Nicol\u00e1s Pino, con el prop\u00f3sito de abordar las necesidades del sector agropecuario en un dif\u00edcil contexto econ\u00f3mico nacional.<\/p>\n\n\n<div class=\"wp-block-image\">\n<figure class=\"aligncenter size-large\"><img loading=\"lazy\" decoding=\"async\" width=\"1024\" height=\"683\" src=\"https:\/\/horapicodigital.com.ar\/wp-content\/uploads\/2025\/10\/whatsapp-image-2025-10-21-at-193207-1-1024x683.webp\" alt=\"\" class=\"wp-image-17243\" srcset=\"https:\/\/horapicodigital.com.ar\/wp-content\/uploads\/2025\/10\/whatsapp-image-2025-10-21-at-193207-1-1024x683.webp 1024w, https:\/\/horapicodigital.com.ar\/wp-content\/uploads\/2025\/10\/whatsapp-image-2025-10-21-at-193207-1-300x200.webp 300w, https:\/\/horapicodigital.com.ar\/wp-content\/uploads\/2025\/10\/whatsapp-image-2025-10-21-at-193207-1-768x512.webp 768w, https:\/\/horapicodigital.com.ar\/wp-content\/uploads\/2025\/10\/whatsapp-image-2025-10-21-at-193207-1.webp 1200w\" sizes=\"auto, (max-width: 1024px) 100vw, 1024px\" \/><\/figure>\n<\/div>\n\n\n<p>El mandatario, celebr\u00f3 el espacio de di\u00e1logo y trabajo compartido por dirigentes y productores del NOA, con miras a fortalecer el desarrollo agropecuario de nuestra regi\u00f3n.<\/p>\n\n\n\n<p>En este sentido, Sadir se pronunci\u00f3 a favor de apostar a la producci\u00f3n, al trabajo y al crecimiento de Jujuy y del pa\u00eds.<\/p>\n","protected":false},"excerpt":{"rendered":"<p>En el marco del Encuentro Federal del Agro Argentino, el gobernador de la Provincia, Carlos Sadir, se reuni\u00f3 con el presidente de la Sociedad Rural Argentina, Nicol\u00e1s Pino, con el prop\u00f3sito de abordar las necesidades del sector agropecuario en un dif\u00edcil contexto econ\u00f3mico nacional. El mandatario, celebr\u00f3 el espacio de di\u00e1logo y trabajo compartido por [&hellip;]<\/p>\n","protected":false},"author":3,"featured_media":17251,"comment_status":"open","ping_status":"open","sticky":false,"template":"","format":"standard","meta":{"_themeisle_gutenberg_block_has_review":false,"footnotes":""},"categories":[6,23,35],"tags":[2886,38,58,85],"class_list":["post-17242","post","type-post","status-publish","format-standard","has-post-thumbnail","hentry","category-economia","category-business","category-pais","tag-agro","tag-economia","tag-jujuy","tag-pais"],"_links":{"self":[{"href":"https:\/\/horapicodigital.com.ar\/index.php\/wp-json\/wp\/v2\/posts\/17242","targetHints":{"allow":["GET"]}}],"collection":[{"href":"https:\/\/horapicodigital.com.ar\/index.php\/wp-json\/wp\/v2\/posts"}],"about":[{"href":"https:\/\/horapicodigital.com.ar\/index.php\/wp-json\/wp\/v2\/types\/post"}],"author":[{"embeddable":true,"href":"https:\/\/horapicodigital.com.ar\/index.php\/wp-json\/wp\/v2\/users\/3"}],"replies":[{"embeddable":true,"href":"https:\/\/horapicodigital.com.ar\/index.php\/wp-json\/wp\/v2\/comments?post=17242"}],"version-history":[{"count":1,"href":"https:\/\/horapicodigital.com.ar\/index.php\/wp-json\/wp\/v2\/posts\/17242\/revisions"}],"predecessor-version":[{"id":17244,"href":"https:\/\/horapicodigital.com.ar\/index.php\/wp-json\/wp\/v2\/posts\/17242\/revisions\/17244"}],"wp:featuredmedia":[{"embeddable":true,"href":"https:\/\/horapicodigital.com.ar\/index.php\/wp-json\/wp\/v2\/media\/17251"}],"wp:attachment":[{"href":"https:\/\/horapicodigital.com.ar\/index.php\/wp-json\/wp\/v2\/media?parent=17242"}],"wp:term":[{"taxonomy":"category","embeddable":true,"href":"https:\/\/horapicodigital.com.ar\/index.php\/wp-json\/wp\/v2\/categories?post=17242"},{"taxonomy":"post_tag","embeddable":true,"href":"https:\/\/horapicodigital.com.ar\/index.php\/wp-json\/wp\/v2\/tags?post=17242"}],"curies":[{"name":"wp","href":"https:\/\/api.w.org\/{rel}","templated":true}]}}