{"id":17231,"date":"2025-10-21T10:52:20","date_gmt":"2025-10-21T13:52:20","guid":{"rendered":"https:\/\/horapicodigital.com.ar\/?p=17231"},"modified":"2025-10-21T10:52:20","modified_gmt":"2025-10-21T13:52:20","slug":"el-gobierno-estima-que-habra-un-30-de-ausentismo-en-la-eleccion-legislativa-del-domingo","status":"publish","type":"post","link":"https:\/\/horapicodigital.com.ar\/index.php\/2025\/10\/21\/el-gobierno-estima-que-habra-un-30-de-ausentismo-en-la-eleccion-legislativa-del-domingo\/","title":{"rendered":"El Gobierno estima que habr\u00e1 un 30% de ausentismo en la elecci\u00f3n legislativa del domingo"},"content":{"rendered":"\n<p>El terreno m\u00e1s complicado para La Libertad Avanza es la provincia de Buenos Aires, pero espera compensar con victorias en Mendoza, CABA, Entre R\u00edos y Chaco.<\/p>\n\n\n\n<p>\u201cEsperamos una participaci\u00f3n habitual del 70%\u201d, aseguraron en Casa Rosada. La predicci\u00f3n presenta similitudes con lo que ocurri\u00f3 en las dem\u00e1s elecciones de este a\u00f1o. Por ejemplo, en las elecciones locales de Buenos Aires hubo un 37% del padr\u00f3n que no fue a votar. La baja participaci\u00f3n tambi\u00e9n se dio en otros territorios como Santa Fe: durante las elecciones provinciales de junio, se ausent\u00f3 el 48% del electorado.<\/p>\n\n\n\n<p>A pesar de que esta informaci\u00f3n muestra cierta apat\u00eda en la gente, no es el primer a\u00f1o que ocurre algo as\u00ed. En las anteriores elecciones legislativas, las de 2021, solo un 71% del padr\u00f3n asisti\u00f3 a votar.<\/p>\n\n\n\n<p>M\u00e1s all\u00e1 de esta proyecci\u00f3n, La Libertad Avanza seguir\u00e1 hasta \u00faltimo momento polarizando con el kirchnerismo, para evitar una sangr\u00eda de votos hacia las fuerzas del centro, como Provincias Unidas.<\/p>\n\n\n\n<p>En el oficialismo entienden que si obtienen un tercio en la C\u00e1mara de Diputados podr\u00e1n evitar insistencias de leyes especiales, insistencias ante vetos del Presidente y hasta bloquear posibles juicios pol\u00edticos. No obstante, aseguraron que s\u00ed o s\u00ed deber\u00e1n seguir manteniendo alianzas con fuerzas dialoguistas.<\/p>\n","protected":false},"excerpt":{"rendered":"<p>El terreno m\u00e1s complicado para La Libertad Avanza es la provincia de Buenos Aires, pero espera compensar con victorias en Mendoza, CABA, Entre R\u00edos y Chaco. \u201cEsperamos una participaci\u00f3n habitual del 70%\u201d, aseguraron en Casa Rosada. La predicci\u00f3n presenta similitudes con lo que ocurri\u00f3 en las dem\u00e1s elecciones de este a\u00f1o. Por ejemplo, en las [&hellip;]<\/p>\n","protected":false},"author":3,"featured_media":17232,"comment_status":"open","ping_status":"open","sticky":false,"template":"","format":"standard","meta":{"_themeisle_gutenberg_block_has_review":false,"footnotes":""},"categories":[4,33],"tags":[85,90],"class_list":["post-17231","post","type-post","status-publish","format-standard","has-post-thumbnail","hentry","category-noticias","category-politica","tag-pais","tag-politica"],"_links":{"self":[{"href":"https:\/\/horapicodigital.com.ar\/index.php\/wp-json\/wp\/v2\/posts\/17231","targetHints":{"allow":["GET"]}}],"collection":[{"href":"https:\/\/horapicodigital.com.ar\/index.php\/wp-json\/wp\/v2\/posts"}],"about":[{"href":"https:\/\/horapicodigital.com.ar\/index.php\/wp-json\/wp\/v2\/types\/post"}],"author":[{"embeddable":true,"href":"https:\/\/horapicodigital.com.ar\/index.php\/wp-json\/wp\/v2\/users\/3"}],"replies":[{"embeddable":true,"href":"https:\/\/horapicodigital.com.ar\/index.php\/wp-json\/wp\/v2\/comments?post=17231"}],"version-history":[{"count":1,"href":"https:\/\/horapicodigital.com.ar\/index.php\/wp-json\/wp\/v2\/posts\/17231\/revisions"}],"predecessor-version":[{"id":17233,"href":"https:\/\/horapicodigital.com.ar\/index.php\/wp-json\/wp\/v2\/posts\/17231\/revisions\/17233"}],"wp:featuredmedia":[{"embeddable":true,"href":"https:\/\/horapicodigital.com.ar\/index.php\/wp-json\/wp\/v2\/media\/17232"}],"wp:attachment":[{"href":"https:\/\/horapicodigital.com.ar\/index.php\/wp-json\/wp\/v2\/media?parent=17231"}],"wp:term":[{"taxonomy":"category","embeddable":true,"href":"https:\/\/horapicodigital.com.ar\/index.php\/wp-json\/wp\/v2\/categories?post=17231"},{"taxonomy":"post_tag","embeddable":true,"href":"https:\/\/horapicodigital.com.ar\/index.php\/wp-json\/wp\/v2\/tags?post=17231"}],"curies":[{"name":"wp","href":"https:\/\/api.w.org\/{rel}","templated":true}]}}