{"id":17189,"date":"2025-10-17T08:55:25","date_gmt":"2025-10-17T11:55:25","guid":{"rendered":"https:\/\/horapicodigital.com.ar\/?p=17189"},"modified":"2025-10-17T08:55:26","modified_gmt":"2025-10-17T11:55:26","slug":"alerta-naranja-y-amarilla-por-fuertes-tormentas-en-jujuy","status":"publish","type":"post","link":"https:\/\/horapicodigital.com.ar\/index.php\/2025\/10\/17\/alerta-naranja-y-amarilla-por-fuertes-tormentas-en-jujuy\/","title":{"rendered":"Alerta naranja y amarilla por fuertes tormentas en Jujuy"},"content":{"rendered":"<div class=\"wp-block-image\">\n<figure class=\"aligncenter size-full\"><img loading=\"lazy\" decoding=\"async\" width=\"717\" height=\"410\" src=\"https:\/\/horapicodigital.com.ar\/wp-content\/uploads\/2025\/10\/WhatsApp-Image-2025-10-17-at-08.32.36.jpeg\" alt=\"\" class=\"wp-image-17190\" srcset=\"https:\/\/horapicodigital.com.ar\/wp-content\/uploads\/2025\/10\/WhatsApp-Image-2025-10-17-at-08.32.36.jpeg 717w, https:\/\/horapicodigital.com.ar\/wp-content\/uploads\/2025\/10\/WhatsApp-Image-2025-10-17-at-08.32.36-300x172.jpeg 300w\" sizes=\"auto, (max-width: 717px) 100vw, 717px\" \/><\/figure>\n<\/div>\n\n\n<p>El Servicio Meteorol\u00f3gico Nacional emiti\u00f3 un alerta naranja y otro amarillo por fuertes tormentas para este viernes y s\u00e1bado en la provincia<br>Tras las fuertes tormentas que se registraron durante la tarde del jueves en San Salvador y alrededores, el Servicio Meteorol\u00f3gico Nacional (SMN) elev\u00f3 a nivel naranja el alerta por tormentas fuertes para gran parte del territorio juje\u00f1o, adem\u00e1s contin\u00faa el alerta amarillo para otro sector de la provincia. Regir\u00e1 desde la noche del viernes y se extender\u00e1 hasta la madrugada del s\u00e1bado.<\/p>\n\n\n\n<p>En cuanto al alerta naranja, las zonas afectadas en la tarde de este viernes, ser\u00e1n El Carmen &#8211; Ledesma &#8211; Palpal\u00e1 &#8211; San Antonio &#8211; San Pedro &#8211; Santa B\u00e1rbara &#8211; Valle Grande &#8211; Zona baja de Doctor Manuel Belgrano y Zona baja de Tilcara.<\/p>\n\n\n\n<p>En tanto que el alerta amarillo alcanza a la Zona monta\u00f1osa de Doctor Manuel Belgrano &#8211; Zona monta\u00f1osa de Humahuaca &#8211; Zona monta\u00f1osa de Tilcara y Zona monta\u00f1osa de Tumbaya.<\/p>\n\n\n\n<p>Las fuertes tormentas podr\u00edan llegar a la capital juje\u00f1a cerca de las 19:00 horas.<\/p>\n","protected":false},"excerpt":{"rendered":"<p>El Servicio Meteorol\u00f3gico Nacional emiti\u00f3 un alerta naranja y otro amarillo por fuertes tormentas para este viernes y s\u00e1bado en la provinciaTras las fuertes tormentas que se registraron durante la tarde del jueves en San Salvador y alrededores, el Servicio Meteorol\u00f3gico Nacional (SMN) elev\u00f3 a nivel naranja el alerta por tormentas fuertes para gran parte [&hellip;]<\/p>\n","protected":false},"author":3,"featured_media":17190,"comment_status":"open","ping_status":"open","sticky":false,"template":"","format":"standard","meta":{"_themeisle_gutenberg_block_has_review":false,"footnotes":""},"categories":[2711,32],"tags":[58],"class_list":["post-17189","post","type-post","status-publish","format-standard","has-post-thumbnail","hentry","category-clima","category-locales","tag-jujuy"],"_links":{"self":[{"href":"https:\/\/horapicodigital.com.ar\/index.php\/wp-json\/wp\/v2\/posts\/17189","targetHints":{"allow":["GET"]}}],"collection":[{"href":"https:\/\/horapicodigital.com.ar\/index.php\/wp-json\/wp\/v2\/posts"}],"about":[{"href":"https:\/\/horapicodigital.com.ar\/index.php\/wp-json\/wp\/v2\/types\/post"}],"author":[{"embeddable":true,"href":"https:\/\/horapicodigital.com.ar\/index.php\/wp-json\/wp\/v2\/users\/3"}],"replies":[{"embeddable":true,"href":"https:\/\/horapicodigital.com.ar\/index.php\/wp-json\/wp\/v2\/comments?post=17189"}],"version-history":[{"count":1,"href":"https:\/\/horapicodigital.com.ar\/index.php\/wp-json\/wp\/v2\/posts\/17189\/revisions"}],"predecessor-version":[{"id":17191,"href":"https:\/\/horapicodigital.com.ar\/index.php\/wp-json\/wp\/v2\/posts\/17189\/revisions\/17191"}],"wp:featuredmedia":[{"embeddable":true,"href":"https:\/\/horapicodigital.com.ar\/index.php\/wp-json\/wp\/v2\/media\/17190"}],"wp:attachment":[{"href":"https:\/\/horapicodigital.com.ar\/index.php\/wp-json\/wp\/v2\/media?parent=17189"}],"wp:term":[{"taxonomy":"category","embeddable":true,"href":"https:\/\/horapicodigital.com.ar\/index.php\/wp-json\/wp\/v2\/categories?post=17189"},{"taxonomy":"post_tag","embeddable":true,"href":"https:\/\/horapicodigital.com.ar\/index.php\/wp-json\/wp\/v2\/tags?post=17189"}],"curies":[{"name":"wp","href":"https:\/\/api.w.org\/{rel}","templated":true}]}}