{"id":16988,"date":"2025-10-06T10:45:34","date_gmt":"2025-10-06T13:45:34","guid":{"rendered":"https:\/\/horapicodigital.com.ar\/?p=16988"},"modified":"2025-10-06T10:45:35","modified_gmt":"2025-10-06T13:45:35","slug":"la-agenda-de-la-seleccion-argentina-para-los-amistosos-en-estados-unidos","status":"publish","type":"post","link":"https:\/\/horapicodigital.com.ar\/index.php\/2025\/10\/06\/la-agenda-de-la-seleccion-argentina-para-los-amistosos-en-estados-unidos\/","title":{"rendered":"La agenda de la Selecci\u00f3n Argentina para los amistosos en Estados Unidos"},"content":{"rendered":"\n<p>La Albiceleste jugar\u00e1 ante Venezuela y Puerto Rico.<\/p>\n\n\n\n<p>La&nbsp;<strong>Selecci\u00f3n Argentina&nbsp;<\/strong>comenzar\u00e1 hoy su preparaci\u00f3n para la fecha FIFA de octubre, en la que jugar\u00e1 dos amistosos en Estados Unidos: ante<strong>&nbsp;Venezuela<\/strong>, el viernes, y ante&nbsp;<strong>Puerto Rico<\/strong>, el lunes 13.<\/p>\n\n\n\n<p><strong>Enzo Fern\u00e1ndez, Cristian \u201cCuti\u201d Romero y Marcos Senesi<\/strong>&nbsp;fueron los tres primeros convocados en aterrizar en Estados Unidos desde Europa.<\/p>\n\n\n\n<p>Se espera que en las pr\u00f3ximas horas se sumen el resto de los citados para que el entrenador&nbsp;<strong>Lionel Scaloni<\/strong>&nbsp;pueda dar inicio a los entrenamientos.<\/p>\n\n\n\n<h4 class=\"wp-block-heading\"><strong>La agenda de la Selecci\u00f3n Argentina para los amistosos en Estados Unidos<\/strong><\/h4>\n\n\n\n<p><strong>Lunes 6 de octubre<\/strong><\/p>\n\n\n\n<p>18.00 Entrenamiento (cerrado)<\/p>\n\n\n\n<p><strong>Martes 7 de octubre<\/strong><\/p>\n\n\n\n<p>17.30 Entrenamiento (a confirmar acceso de prensa)<\/p>\n\n\n\n<p><strong>Mi\u00e9rcoles 8 de octubre<\/strong><\/p>\n\n\n\n<p>17.30 Entrenamiento (cerrado)<\/p>\n\n\n\n<p><em>*Los horarios de las actividades a realizarse en Inter Miami pueden sufrir modificaciones imprevistas por cuestiones climatol\u00f3gicas.<\/em><\/p>\n\n\n\n<p><strong>Conferencia de Lionel Scaloni<\/strong><\/p>\n\n\n\n<p>El d\u00eda y horario de la rueda de prensa se confirmar\u00e1 en las pr\u00f3ximas horas.<\/p>\n\n\n\n<h4 class=\"wp-block-heading\"><strong>Cu\u00e1ndo juega la Selecci\u00f3n Argentina sus partidos amistosos en Estados Unidos<\/strong><\/h4>\n\n\n\n<p>Los pr\u00f3ximos partidos de la Selecci\u00f3n argentina ser\u00e1n contra&nbsp;<strong>Venezuela el 10 de octubre en el Hard Rock Stadium de Miami&nbsp;<\/strong>y el&nbsp;<strong>13 de octubre contra Puerto Rico en el Soldier Field de Chicago<\/strong>, en Estados Unidos. Ambos empezar\u00e1n&nbsp;<strong>a las 21 (hora de la Argentina).<\/strong><\/p>\n\n\n\n<h4 class=\"wp-block-heading\"><strong>Scaloni sorprendi\u00f3 con la lista de convocados: regresan Enzo Fern\u00e1ndez y Senesi, y hay cinco jugadores del f\u00fatbol local<\/strong><\/h4>\n\n\n\n<p>El entrenador sorprendi\u00f3 con las convocatorias del arquero<strong>&nbsp;Facundo Cambeses<\/strong>&nbsp;(Racing), el defensor<strong>&nbsp;Lautaro Rivero&nbsp;<\/strong>(River) y el mediocampista&nbsp;<strong>An\u00edbal Moreno&nbsp;<\/strong>(Palmeiras).<\/p>\n\n\n\n<p>En la n\u00f3mina, liderada por el capit\u00e1n<strong>&nbsp;Lionel Messi<\/strong>, se destacan la vuelta de&nbsp;<strong>Enzo Fern\u00e1ndez<\/strong>, que se ausent\u00f3 en el \u00faltimo llamado para las Eliminatorias Sudamericanas por una suspensi\u00f3n, y el regreso de Senesi, que se gan\u00f3 un lugar por las lesiones de&nbsp;<strong>Licha Mart\u00ednez, Facundo Medina, Nehu\u00e9n P\u00e9rez y Juan Foyth<\/strong>.<\/p>\n\n\n\n<p>Otra citaci\u00f3n destacada fue la de&nbsp;<strong>Jos\u00e9 Manuel L\u00f3pez<\/strong>, que hab\u00eda sido llamado por primera vez en la anterior lista y ratific\u00f3 su lugar con sus grandes actuaciones para Palmeiras en la Copa Libertadores.<\/p>\n\n\n\n<p>Los futbolistas que no fueron tenidos en cuenta por inconvenientes f\u00edsicos fueron Exequiel Palacios (Bayer Leverkusen) y Paulo Dybala, que est\u00e1 cursando la \u00faltima etapa de recuperaci\u00f3n en Roma.&nbsp;<strong>Thiago Almada, en tanto, fue desafectado este s\u00e1bado, ya que<\/strong>&nbsp;reci\u00e9n se recuper\u00f3 de una lesi\u00f3n que hab\u00eda sufrido en el \u00faltimo llamado a la Selecci\u00f3n.<\/p>\n\n\n\n<p>Para los amistosos, Scaloni llam\u00f3 a cinco jugadores del f\u00fatbol argentino. Adem\u00e1s de Cambeses y Rivero, convoc\u00f3 a tres campeones del mundo: Gonzalo Montiel, Marcos Acu\u00f1a y Leandro Paredes.<\/p>\n\n\n\n<h4 class=\"wp-block-heading\"><strong>La lista completa de Lionel Scaloni para los amistosos de la Selecci\u00f3n Argentina<\/strong><\/h4>\n\n\n\n<p><strong>Arqueros&nbsp;<\/strong>(4): Emiliano Mart\u00ednez, Ger\u00f3nimo Rulli, Walter Ben\u00edtez y Facundo Cambeses.<\/p>\n\n\n\n<p><strong>Defensores&nbsp;<\/strong>(9): Gonzalo Montiel, Nahuel Molina, Cristian Romero, Leonardo Balerdi, Nicol\u00e1s Otamendi, Marcos Senesi, Lautaro Rivero, Marcos Acu\u00f1a y Nicol\u00e1s Tagliafico.<\/p>\n\n\n\n<p><strong>Mediocampistas&nbsp;<\/strong>(10)<strong>:<\/strong>&nbsp;Leandro Paredes, An\u00edbal Moreno, Rodrigo De Paul, Enzo Fern\u00e1ndez, Nicol\u00e1s Paz, Giovani Lo Celso, Alexis Mac Allister, Giuliano Simeone y Franco Mastantuono.<\/p>\n\n\n\n<p><strong>Delanteros&nbsp;<\/strong>(5): Nicol\u00e1s Gonz\u00e1lez, Lionel Messi, Jos\u00e9 Manuel L\u00f3pez, Juli\u00e1n \u00c1lvarez y Lautaro Mart\u00ednez.<\/p>\n\n\n\n<p><\/p>\n","protected":false},"excerpt":{"rendered":"<p>La Albiceleste jugar\u00e1 ante Venezuela y Puerto Rico. La&nbsp;Selecci\u00f3n Argentina&nbsp;comenzar\u00e1 hoy su preparaci\u00f3n para la fecha FIFA de octubre, en la que jugar\u00e1 dos amistosos en Estados Unidos: ante&nbsp;Venezuela, el viernes, y ante&nbsp;Puerto Rico, el lunes 13. Enzo Fern\u00e1ndez, Cristian \u201cCuti\u201d Romero y Marcos Senesi&nbsp;fueron los tres primeros convocados en aterrizar en Estados Unidos desde [&hellip;]<\/p>\n","protected":false},"author":7,"featured_media":16989,"comment_status":"open","ping_status":"open","sticky":false,"template":"","format":"standard","meta":{"_themeisle_gutenberg_block_has_review":false,"footnotes":""},"categories":[10],"tags":[58],"class_list":["post-16988","post","type-post","status-publish","format-standard","has-post-thumbnail","hentry","category-deportes","tag-jujuy"],"_links":{"self":[{"href":"https:\/\/horapicodigital.com.ar\/index.php\/wp-json\/wp\/v2\/posts\/16988","targetHints":{"allow":["GET"]}}],"collection":[{"href":"https:\/\/horapicodigital.com.ar\/index.php\/wp-json\/wp\/v2\/posts"}],"about":[{"href":"https:\/\/horapicodigital.com.ar\/index.php\/wp-json\/wp\/v2\/types\/post"}],"author":[{"embeddable":true,"href":"https:\/\/horapicodigital.com.ar\/index.php\/wp-json\/wp\/v2\/users\/7"}],"replies":[{"embeddable":true,"href":"https:\/\/horapicodigital.com.ar\/index.php\/wp-json\/wp\/v2\/comments?post=16988"}],"version-history":[{"count":1,"href":"https:\/\/horapicodigital.com.ar\/index.php\/wp-json\/wp\/v2\/posts\/16988\/revisions"}],"predecessor-version":[{"id":16990,"href":"https:\/\/horapicodigital.com.ar\/index.php\/wp-json\/wp\/v2\/posts\/16988\/revisions\/16990"}],"wp:featuredmedia":[{"embeddable":true,"href":"https:\/\/horapicodigital.com.ar\/index.php\/wp-json\/wp\/v2\/media\/16989"}],"wp:attachment":[{"href":"https:\/\/horapicodigital.com.ar\/index.php\/wp-json\/wp\/v2\/media?parent=16988"}],"wp:term":[{"taxonomy":"category","embeddable":true,"href":"https:\/\/horapicodigital.com.ar\/index.php\/wp-json\/wp\/v2\/categories?post=16988"},{"taxonomy":"post_tag","embeddable":true,"href":"https:\/\/horapicodigital.com.ar\/index.php\/wp-json\/wp\/v2\/tags?post=16988"}],"curies":[{"name":"wp","href":"https:\/\/api.w.org\/{rel}","templated":true}]}}