{"id":16966,"date":"2025-10-05T08:51:04","date_gmt":"2025-10-05T11:51:04","guid":{"rendered":"https:\/\/horapicodigital.com.ar\/?p=16966"},"modified":"2025-10-05T08:51:05","modified_gmt":"2025-10-05T11:51:05","slug":"este-lunes-inician-las-preinscripciones-para-el-ingreso-a-primer-ano-en-la-escuela-de-minas","status":"publish","type":"post","link":"https:\/\/horapicodigital.com.ar\/index.php\/2025\/10\/05\/este-lunes-inician-las-preinscripciones-para-el-ingreso-a-primer-ano-en-la-escuela-de-minas\/","title":{"rendered":"Este lunes inician las preinscripciones para el ingreso a primer a\u00f1o en la Escuela de Minas"},"content":{"rendered":"\n<p>La directora de la instituci\u00f3n, Laura Mastrandrea, explic\u00f3 el proceso y destac\u00f3 el inter\u00e9s que despierta el establecimiento educativo.<\/p>\n\n\n\n<p><a href=\"https:\/\/www.somosjujuy.com.ar\/jujuy\/este-lunes-inician-preinscripciones-ingreso-primer-ano-escuela-minas-n109123#\"><br><\/a><a href=\"https:\/\/www.somosjujuy.com.ar\/jujuy\/este-lunes-inician-preinscripciones-ingreso-primer-ano-escuela-minas-n109123#\"><\/a><a href=\"https:\/\/www.somosjujuy.com.ar\/jujuy\/este-lunes-inician-preinscripciones-ingreso-primer-ano-escuela-minas-n109123#\"><\/a><a href=\"https:\/\/www.somosjujuy.com.ar\/jujuy\/este-lunes-inician-preinscripciones-ingreso-primer-ano-escuela-minas-n109123#\"><\/a><\/p>\n\n\n\n<p>La<strong>&nbsp;Escuela de Minas \u201cDr. Horacio Carrillo\u201d de la Universidad Nacional de Jujuy&nbsp;<\/strong>abre el per\u00edodo de preinscripci\u00f3n para el Ingreso a Primer A\u00f1o en 2026 en las sedes de San Salvador de Jujuy, La Quiaca y Yuto. La misma se realizar\u00e1 del&nbsp;<strong>desde el lunes 6 al domingo 12 de octubre&nbsp;<\/strong>del corriente a\u00f1o.<\/p>\n\n\n\n<p>La directora, Laura Mastrandrea, explic\u00f3 que<strong>&nbsp;la demanda es muy alta y que a\u00f1o tras a\u00f1o m\u00e1s de 700 estudiantes se inscriben para rendir el examen de ingreso, aunque el cupo es limitado.<\/strong><\/p>\n\n\n\n<p>\u201cEstamos super orgullosos de que los chicos se sientan con ganas de venir y que los que ya est\u00e1n ac\u00e1 se sientan orgullosos de pertenecer a esta gran familia minera\u201d, expres\u00f3 Mastrandrea en di\u00e1logo con&nbsp;<a href=\"https:\/\/www.youtube.com\/watch?v=okXJXDwRETg\"><strong>La Mejor Ma\u00f1ana<\/strong><\/a>. Sin embargo, aclar\u00f3 que<strong>&nbsp;por cuestiones de capacidad, la escuela solo cuenta con tres divisiones para primer a\u00f1o y un cupo de aproximadamente 102 estudiantes<\/strong>, lo que obliga a tomar un examen de ingreso de lengua y matem\u00e1tica y establecer un orden de m\u00e9rito.<\/p>\n\n\n\n<p><strong>La preinscripci\u00f3n se realizar\u00e1 de manera online a trav\u00e9s de la p\u00e1gina oficial de la escuela en&nbsp;<\/strong><a href=\"https:\/\/escmi.unju.edu.ar\/?fbclid=IwY2xjawNM3K5leHRuA2FlbQIxMABicmlkETEyWVlSMmtMTHBGMWZ6SkFnAR4KaCGyS9i3Us14dw23F3LRvUqYTEAycrdIdf5tNbhyGwqh-ifK8dc7IeSaGA_aem_JUGF9ZewvnCniG0SkPrGEg\"><strong>este link<\/strong><\/a><strong>.&nbsp;<\/strong>All\u00ed, las familias deben completar el formulario en el sistema SIU Guaran\u00ed y subir la documentaci\u00f3n requerida: DNI del aspirante y constancia de alumno regular de 7\u00ba grado.<\/p>\n\n\n\n<p>Mastrandrea se\u00f1al\u00f3 adem\u00e1s que los aspirantes recibir\u00e1n v\u00eda correo electr\u00f3nico la informaci\u00f3n sobre las fechas, el curso de nivelaci\u00f3n y la cartilla de ingreso.<\/p>\n\n\n\n<p>Actualmente,<strong>&nbsp;la Escuela de Minas cuenta con una matr\u00edcula cercana a los 750 estudiantes en todos los niveles<\/strong>, y mantiene una fuerte articulaci\u00f3n con la Facultad de Ingenier\u00eda de la UNJu. De hecho, los egresados con orientaci\u00f3n inform\u00e1tica pueden acreditar materias y obtener en menos tiempo el t\u00edtulo de Analista Programador Universitario.<\/p>\n\n\n\n<p>\u201cLa pertenencia de los alumnos es muy fuerte porque saben que ingresar a la Escuela de Minas tambi\u00e9n los vincula directamente con la universidad\u201d, destac\u00f3 la directora.<\/p>\n\n\n\n<h2 class=\"wp-block-heading\"><strong>El paso a paso para la preinscripci\u00f3n<\/strong><\/h2>\n\n\n<div class=\"wp-block-image\">\n<figure class=\"aligncenter size-full\"><img loading=\"lazy\" decoding=\"async\" width=\"569\" height=\"707\" src=\"https:\/\/horapicodigital.com.ar\/wp-content\/uploads\/2025\/10\/Screenshot-2025-10-05-084949.png\" alt=\"\" class=\"wp-image-16967\" srcset=\"https:\/\/horapicodigital.com.ar\/wp-content\/uploads\/2025\/10\/Screenshot-2025-10-05-084949.png 569w, https:\/\/horapicodigital.com.ar\/wp-content\/uploads\/2025\/10\/Screenshot-2025-10-05-084949-241x300.png 241w\" sizes=\"auto, (max-width: 569px) 100vw, 569px\" \/><\/figure>\n<\/div>\n\n<div class=\"wp-block-image\">\n<figure class=\"aligncenter size-full\"><img loading=\"lazy\" decoding=\"async\" width=\"570\" height=\"716\" src=\"https:\/\/horapicodigital.com.ar\/wp-content\/uploads\/2025\/10\/Screenshot-2025-10-05-084940.png\" alt=\"\" class=\"wp-image-16968\" srcset=\"https:\/\/horapicodigital.com.ar\/wp-content\/uploads\/2025\/10\/Screenshot-2025-10-05-084940.png 570w, https:\/\/horapicodigital.com.ar\/wp-content\/uploads\/2025\/10\/Screenshot-2025-10-05-084940-239x300.png 239w\" sizes=\"auto, (max-width: 570px) 100vw, 570px\" \/><\/figure>\n<\/div>\n\n<div class=\"wp-block-image\">\n<figure class=\"aligncenter size-full\"><img loading=\"lazy\" decoding=\"async\" width=\"571\" height=\"711\" src=\"https:\/\/horapicodigital.com.ar\/wp-content\/uploads\/2025\/10\/Screenshot-2025-10-05-084926.png\" alt=\"\" class=\"wp-image-16969\" srcset=\"https:\/\/horapicodigital.com.ar\/wp-content\/uploads\/2025\/10\/Screenshot-2025-10-05-084926.png 571w, https:\/\/horapicodigital.com.ar\/wp-content\/uploads\/2025\/10\/Screenshot-2025-10-05-084926-241x300.png 241w\" sizes=\"auto, (max-width: 571px) 100vw, 571px\" \/><\/figure>\n<\/div>","protected":false},"excerpt":{"rendered":"<p>La directora de la instituci\u00f3n, Laura Mastrandrea, explic\u00f3 el proceso y destac\u00f3 el inter\u00e9s que despierta el establecimiento educativo. La&nbsp;Escuela de Minas \u201cDr. Horacio Carrillo\u201d de la Universidad Nacional de Jujuy&nbsp;abre el per\u00edodo de preinscripci\u00f3n para el Ingreso a Primer A\u00f1o en 2026 en las sedes de San Salvador de Jujuy, La Quiaca y Yuto. [&hellip;]<\/p>\n","protected":false},"author":7,"featured_media":16970,"comment_status":"open","ping_status":"open","sticky":false,"template":"","format":"standard","meta":{"_themeisle_gutenberg_block_has_review":false,"footnotes":""},"categories":[248],"tags":[58],"class_list":["post-16966","post","type-post","status-publish","format-standard","has-post-thumbnail","hentry","category-educacion","tag-jujuy"],"_links":{"self":[{"href":"https:\/\/horapicodigital.com.ar\/index.php\/wp-json\/wp\/v2\/posts\/16966","targetHints":{"allow":["GET"]}}],"collection":[{"href":"https:\/\/horapicodigital.com.ar\/index.php\/wp-json\/wp\/v2\/posts"}],"about":[{"href":"https:\/\/horapicodigital.com.ar\/index.php\/wp-json\/wp\/v2\/types\/post"}],"author":[{"embeddable":true,"href":"https:\/\/horapicodigital.com.ar\/index.php\/wp-json\/wp\/v2\/users\/7"}],"replies":[{"embeddable":true,"href":"https:\/\/horapicodigital.com.ar\/index.php\/wp-json\/wp\/v2\/comments?post=16966"}],"version-history":[{"count":1,"href":"https:\/\/horapicodigital.com.ar\/index.php\/wp-json\/wp\/v2\/posts\/16966\/revisions"}],"predecessor-version":[{"id":16971,"href":"https:\/\/horapicodigital.com.ar\/index.php\/wp-json\/wp\/v2\/posts\/16966\/revisions\/16971"}],"wp:featuredmedia":[{"embeddable":true,"href":"https:\/\/horapicodigital.com.ar\/index.php\/wp-json\/wp\/v2\/media\/16970"}],"wp:attachment":[{"href":"https:\/\/horapicodigital.com.ar\/index.php\/wp-json\/wp\/v2\/media?parent=16966"}],"wp:term":[{"taxonomy":"category","embeddable":true,"href":"https:\/\/horapicodigital.com.ar\/index.php\/wp-json\/wp\/v2\/categories?post=16966"},{"taxonomy":"post_tag","embeddable":true,"href":"https:\/\/horapicodigital.com.ar\/index.php\/wp-json\/wp\/v2\/tags?post=16966"}],"curies":[{"name":"wp","href":"https:\/\/api.w.org\/{rel}","templated":true}]}}