{"id":16959,"date":"2025-10-05T08:44:24","date_gmt":"2025-10-05T11:44:24","guid":{"rendered":"https:\/\/horapicodigital.com.ar\/?p=16959"},"modified":"2025-10-05T08:44:24","modified_gmt":"2025-10-05T11:44:24","slug":"la-seleccion-argentina-sufrio-una-baja-de-ultimo-momento-para-los-amistosos","status":"publish","type":"post","link":"https:\/\/horapicodigital.com.ar\/index.php\/2025\/10\/05\/la-seleccion-argentina-sufrio-una-baja-de-ultimo-momento-para-los-amistosos\/","title":{"rendered":"La Selecci\u00f3n Argentina sufri\u00f3 una baja de \u00faltimo momento para los amistosos"},"content":{"rendered":"\n<p>La Albiceleste enfrentar\u00e1 a Puerto Rico y Venezuela en Estados Unidos.<\/p>\n\n\n\n<p>Este viernes,&nbsp;<strong>Lionel Scaloni<\/strong>&nbsp;<strong>dio la lista de convocados para los amistosos de la Selecci\u00f3n Argentina en la Fecha FIFA<\/strong>&nbsp;de octubre ante Puerto Rico y Venezuela. Sin embargo, en las \u00faltimas horas,&nbsp;<strong>un futbolista fue desafectado de manera inesperada<\/strong>.<\/p>\n\n\n\n<p>A trav\u00e9s de un posteo en sus redes sociales oficiales, la Albiceleste inform\u00f3 que&nbsp;<strong>Thiago Almada ser\u00e1 baja<\/strong>&nbsp;y no podr\u00e1 estar con el plantel. \u00ab<strong>El futbolista del Atl\u00e9tico de Madrid, Thiago Almada, ser\u00e1 baja para la doble fecha de amistosos en los Estados Unidos<\/strong>\u201c, escribieron.<\/p>\n\n\n\n<p>El volante sufri\u00f3 una lesi\u00f3n en sus \u00faltimos partidos con la Selecci\u00f3n argentina y reci\u00e9n pudo recuperarse al 100%. Esta noticia fue muy positiva para el equipo Colchonero.<\/p>\n\n\n\n<p>En conferencia de prensa, el Cholo Simeone dio detalles de la recuperaci\u00f3n de Almada y desliz\u00f3 un pedido para que no fuera convocado. \u201cEst\u00e1 entrenando bien. Se lesion\u00f3 con la selecci\u00f3n hace mas de 20 d\u00edas y se est\u00e1 recuperando bien.&nbsp;<strong>Ayer hizo una parte del entrenamiento, hoy hizo otra parte y consideramos que todav\u00eda no est\u00e1 para competir. Lo seguiremos cuidando, que se recupere lo m\u00e1s r\u00e1pido posible el tiempo que tenemos por delante y ya con Osasuna imagino que estar\u00e1 muy bien<\/strong>\u201c, dijo.<\/p>\n\n\n\n<p><strong>La lista de convocados de la Selecci\u00f3n argentina para los amistosos<\/strong><\/p>\n\n\n<div class=\"wp-block-image\">\n<figure class=\"aligncenter size-full\"><img loading=\"lazy\" decoding=\"async\" width=\"505\" height=\"505\" src=\"https:\/\/horapicodigital.com.ar\/wp-content\/uploads\/2025\/10\/Screenshot-2025-10-05-084301.png\" alt=\"\" class=\"wp-image-16960\" srcset=\"https:\/\/horapicodigital.com.ar\/wp-content\/uploads\/2025\/10\/Screenshot-2025-10-05-084301.png 505w, https:\/\/horapicodigital.com.ar\/wp-content\/uploads\/2025\/10\/Screenshot-2025-10-05-084301-300x300.png 300w, https:\/\/horapicodigital.com.ar\/wp-content\/uploads\/2025\/10\/Screenshot-2025-10-05-084301-150x150.png 150w\" sizes=\"auto, (max-width: 505px) 100vw, 505px\" \/><\/figure>\n<\/div>","protected":false},"excerpt":{"rendered":"<p>La Albiceleste enfrentar\u00e1 a Puerto Rico y Venezuela en Estados Unidos. Este viernes,&nbsp;Lionel Scaloni&nbsp;dio la lista de convocados para los amistosos de la Selecci\u00f3n Argentina en la Fecha FIFA&nbsp;de octubre ante Puerto Rico y Venezuela. Sin embargo, en las \u00faltimas horas,&nbsp;un futbolista fue desafectado de manera inesperada. A trav\u00e9s de un posteo en sus redes [&hellip;]<\/p>\n","protected":false},"author":7,"featured_media":16961,"comment_status":"open","ping_status":"open","sticky":false,"template":"","format":"standard","meta":{"_themeisle_gutenberg_block_has_review":false,"footnotes":""},"categories":[10],"tags":[565,85],"class_list":["post-16959","post","type-post","status-publish","format-standard","has-post-thumbnail","hentry","category-deportes","tag-futbol-2","tag-pais"],"_links":{"self":[{"href":"https:\/\/horapicodigital.com.ar\/index.php\/wp-json\/wp\/v2\/posts\/16959","targetHints":{"allow":["GET"]}}],"collection":[{"href":"https:\/\/horapicodigital.com.ar\/index.php\/wp-json\/wp\/v2\/posts"}],"about":[{"href":"https:\/\/horapicodigital.com.ar\/index.php\/wp-json\/wp\/v2\/types\/post"}],"author":[{"embeddable":true,"href":"https:\/\/horapicodigital.com.ar\/index.php\/wp-json\/wp\/v2\/users\/7"}],"replies":[{"embeddable":true,"href":"https:\/\/horapicodigital.com.ar\/index.php\/wp-json\/wp\/v2\/comments?post=16959"}],"version-history":[{"count":1,"href":"https:\/\/horapicodigital.com.ar\/index.php\/wp-json\/wp\/v2\/posts\/16959\/revisions"}],"predecessor-version":[{"id":16962,"href":"https:\/\/horapicodigital.com.ar\/index.php\/wp-json\/wp\/v2\/posts\/16959\/revisions\/16962"}],"wp:featuredmedia":[{"embeddable":true,"href":"https:\/\/horapicodigital.com.ar\/index.php\/wp-json\/wp\/v2\/media\/16961"}],"wp:attachment":[{"href":"https:\/\/horapicodigital.com.ar\/index.php\/wp-json\/wp\/v2\/media?parent=16959"}],"wp:term":[{"taxonomy":"category","embeddable":true,"href":"https:\/\/horapicodigital.com.ar\/index.php\/wp-json\/wp\/v2\/categories?post=16959"},{"taxonomy":"post_tag","embeddable":true,"href":"https:\/\/horapicodigital.com.ar\/index.php\/wp-json\/wp\/v2\/tags?post=16959"}],"curies":[{"name":"wp","href":"https:\/\/api.w.org\/{rel}","templated":true}]}}