{"id":16929,"date":"2025-10-02T07:06:46","date_gmt":"2025-10-02T10:06:46","guid":{"rendered":"https:\/\/horapicodigital.com.ar\/?p=16929"},"modified":"2025-10-02T07:06:47","modified_gmt":"2025-10-02T10:06:47","slug":"el-senado-debatira-los-vetos-a-la-emergencia-pediatrica-y-financiamiento-universitario","status":"publish","type":"post","link":"https:\/\/horapicodigital.com.ar\/index.php\/2025\/10\/02\/el-senado-debatira-los-vetos-a-la-emergencia-pediatrica-y-financiamiento-universitario\/","title":{"rendered":"El Senado debatir\u00e1 los vetos a la emergencia pedi\u00e1trica y financiamiento universitario"},"content":{"rendered":"\n<p>Este jueves, la oposici\u00f3n buscar\u00e1 repetir el resultado de Diputados, mientras organizaciones sociales y educativas se movilizar\u00e1n en las calles.<\/p>\n\n\n\n<p>El\u00a0<strong>Senado\u00a0<\/strong>sesionar\u00e1 este jueves desde las 10 hs para debatir los vetos presidenciales a dos leyes clave: la de\u00a0<strong>Emergencia Sanitaria en Pediatr\u00eda \u2014que incluye financiamiento para el Hospital Garrahan\u2014 y la de Financiamiento Universitario.<\/strong><\/p>\n\n\n\n<p><em><strong>Con el antecedente de la C\u00e1mara de Diputados \u2014que rechaz\u00f3 ambas medidas\u2014, la oposici\u00f3n conf\u00eda en reproducir ese resultado en el Senado.<\/strong><\/em><\/p>\n\n\n\n<h2 class=\"wp-block-heading\">Claves del debate<\/h2>\n\n\n\n<ul class=\"wp-block-list\">\n<li>Para que los vetos sean rechazados, se requiere una mayor\u00eda especial de dos tercios del Senado.<\/li>\n\n\n\n<li>En Diputados, la ley de emergencia sanitaria obtuvo 181 votos a favor, 60 en contra y una abstenci\u00f3n.<\/li>\n\n\n\n<li>El proyecto para aumentar recursos a las universidades fue aprobado con 174 votos positivos, 62 negativos y 2 abstenciones.<\/li>\n<\/ul>\n\n\n\n<h2 class=\"wp-block-heading\">M\u00e1s all\u00e1 de los vetos: otros puntos en agenda<\/h2>\n\n\n\n<p>La sesi\u00f3n incluir\u00e1 adem\u00e1s:<\/p>\n\n\n\n<ul class=\"wp-block-list\">\n<li>Nombramientos judiciales, como la designaci\u00f3n de Mirta Delia Tyden como vocal de la C\u00e1mara Federal de Apelaciones de Posadas.<\/li>\n\n\n\n<li>Reformas al R\u00e9gimen de Retiro Anticipado para empleados transitorios del Senado.<\/li>\n\n\n\n<li>Proyectos sobre desaparecidos y convenios internacionales con Francia y Austria.<\/li>\n<\/ul>\n\n\n\n<h2 class=\"wp-block-heading\">Movilizaci\u00f3n y presi\u00f3n social<\/h2>\n\n\n\n<p>Organizaciones estudiantiles, universidades y trabajadores de la salud convocaron a manifestarse frente al Congreso para acompa\u00f1ar el tratamiento de los vetos.\u00a0En el caso del Garrahan, adem\u00e1s, familias y personal del hospital anunciaron una vigilia durante la jornada.<\/p>\n","protected":false},"excerpt":{"rendered":"<p>Este jueves, la oposici\u00f3n buscar\u00e1 repetir el resultado de Diputados, mientras organizaciones sociales y educativas se movilizar\u00e1n en las calles. El\u00a0Senado\u00a0sesionar\u00e1 este jueves desde las 10 hs para debatir los vetos presidenciales a dos leyes clave: la de\u00a0Emergencia Sanitaria en Pediatr\u00eda \u2014que incluye financiamiento para el Hospital Garrahan\u2014 y la de Financiamiento Universitario. Con el [&hellip;]<\/p>\n","protected":false},"author":7,"featured_media":16930,"comment_status":"open","ping_status":"open","sticky":false,"template":"","format":"standard","meta":{"_themeisle_gutenberg_block_has_review":false,"footnotes":""},"categories":[248,11],"tags":[971,85],"class_list":["post-16929","post","type-post","status-publish","format-standard","has-post-thumbnail","hentry","category-educacion","category-salud","tag-milei","tag-pais"],"_links":{"self":[{"href":"https:\/\/horapicodigital.com.ar\/index.php\/wp-json\/wp\/v2\/posts\/16929","targetHints":{"allow":["GET"]}}],"collection":[{"href":"https:\/\/horapicodigital.com.ar\/index.php\/wp-json\/wp\/v2\/posts"}],"about":[{"href":"https:\/\/horapicodigital.com.ar\/index.php\/wp-json\/wp\/v2\/types\/post"}],"author":[{"embeddable":true,"href":"https:\/\/horapicodigital.com.ar\/index.php\/wp-json\/wp\/v2\/users\/7"}],"replies":[{"embeddable":true,"href":"https:\/\/horapicodigital.com.ar\/index.php\/wp-json\/wp\/v2\/comments?post=16929"}],"version-history":[{"count":1,"href":"https:\/\/horapicodigital.com.ar\/index.php\/wp-json\/wp\/v2\/posts\/16929\/revisions"}],"predecessor-version":[{"id":16931,"href":"https:\/\/horapicodigital.com.ar\/index.php\/wp-json\/wp\/v2\/posts\/16929\/revisions\/16931"}],"wp:featuredmedia":[{"embeddable":true,"href":"https:\/\/horapicodigital.com.ar\/index.php\/wp-json\/wp\/v2\/media\/16930"}],"wp:attachment":[{"href":"https:\/\/horapicodigital.com.ar\/index.php\/wp-json\/wp\/v2\/media?parent=16929"}],"wp:term":[{"taxonomy":"category","embeddable":true,"href":"https:\/\/horapicodigital.com.ar\/index.php\/wp-json\/wp\/v2\/categories?post=16929"},{"taxonomy":"post_tag","embeddable":true,"href":"https:\/\/horapicodigital.com.ar\/index.php\/wp-json\/wp\/v2\/tags?post=16929"}],"curies":[{"name":"wp","href":"https:\/\/api.w.org\/{rel}","templated":true}]}}