{"id":16886,"date":"2025-10-01T07:51:35","date_gmt":"2025-10-01T10:51:35","guid":{"rendered":"https:\/\/horapicodigital.com.ar\/?p=16886"},"modified":"2025-10-01T07:51:35","modified_gmt":"2025-10-01T10:51:35","slug":"ingreso-a-primer-ano-2026-como-solicitar-la-constancia-alfanumerica","status":"publish","type":"post","link":"https:\/\/horapicodigital.com.ar\/index.php\/2025\/10\/01\/ingreso-a-primer-ano-2026-como-solicitar-la-constancia-alfanumerica\/","title":{"rendered":"Ingreso a primer a\u00f1o 2026: c\u00f3mo solicitar la constancia alfanum\u00e9rica"},"content":{"rendered":"\n<p>Este documento es un requisito ineludible que deber\u00e1n tener a disposici\u00f3n las familias para el ingreso a primer a\u00f1o.<\/p>\n\n\n\n<p>El Ministerio de Educaci\u00f3n de Jujuy inform\u00f3 que desde el 1 de octubre se podr\u00e1 solicitar en las escuelas primarias la constancia alfanum\u00e9rica, requisito indispensable para realizar la preinscripci\u00f3n del\u00a0<strong>ingreso a primer a\u00f1o.<\/strong><\/p>\n\n\n\n<p>A partir de esa fecha, las familias deber\u00e1n acercarse a la escuela primaria donde cursa el estudiante para retirar este documento, que permitir\u00e1 iniciar la&nbsp;<strong>preinscripci\u00f3n en la secundaria elegida<\/strong>&nbsp;entre el&nbsp;<strong>13 y el 17 de octubre<\/strong>.<\/p>\n\n\n\n<p>La constancia alfanum\u00e9rica carga de manera autom\u00e1tica los datos del alumno (nombre, apellido, DNI y condici\u00f3n especial como CUD, PPI o abanderado de la Bandera Nacional). Adem\u00e1s, ser\u00e1 obligatoria para&nbsp;<strong>confirmar la vacante al momento de la inscripci\u00f3n definitiva<\/strong>.<\/p>\n\n\n\n<p><em><strong>Desde la cartera educativa recordaron que el tr\u00e1mite es indispensable y que debe conservarse hasta la finalizaci\u00f3n del proceso.<\/strong><\/em><\/p>\n\n\n\n<p>Para conocer el listado de escuelas disponibles, las fechas importantes y toda la informaci\u00f3n sobre el procedimiento, se puede ingresar a la web oficial:\u00a0<strong>educacion.jujuy.gob.ar\/ingreso2026<\/strong><\/p>\n\n\n\n<h2 class=\"wp-block-heading\"><strong>Cronograma de ingreso a primer a\u00f1o 2026 en Jujuy: fechas y requisitos<\/strong><\/h2>\n\n\n\n<h2 class=\"wp-block-heading\"><strong>Entrega de constancias y Escuelas Abiertas<\/strong><\/h2>\n\n\n\n<p>Desde el 1 de octubre los estudiantes deben solicitar la constancia alfanum\u00e9rica de alumno regular, requisito inicial para avanzar en el proceso.<\/p>\n\n\n\n<p>El&nbsp;<strong>4 de octubre<\/strong>&nbsp;se llevar\u00e1 adelante el&nbsp;<strong>primer s\u00e1bado de Escuelas Abiertas<\/strong>, que funcionar\u00e1 como espacio de consulta en lengua y matem\u00e1tica, acompa\u00f1amiento emocional y acceso a informaci\u00f3n sobre las preinscripciones.<\/p>\n\n\n\n<p>El ciclo continuar\u00e1 el&nbsp;<strong>6 de octubre<\/strong>&nbsp;con la actividad \u201cLas familias van a la escuela\u201d, que busca difundir la oferta educativa disponible en Jujuy.<\/p>\n\n\n\n<p>El&nbsp;<strong>11 de octubre<\/strong>&nbsp;se desarrollar\u00e1 el&nbsp;<strong>segundo s\u00e1bado de Escuelas Abiertas<\/strong>&nbsp;con los mismos ejes de consulta y apoyo.<\/p>\n\n\n\n<p>El&nbsp;<strong>18 de octubre<\/strong>&nbsp;est\u00e1 previsto el&nbsp;<strong>tercer s\u00e1bado de Escuelas Abiertas<\/strong>. Despu\u00e9s, el&nbsp;<strong>20 de octubre<\/strong>&nbsp;se pondr\u00e1 en marcha el Plan de Acompa\u00f1amiento Institucional para la instancia evaluativa.<\/p>\n\n\n\n<h2 class=\"wp-block-heading\"><strong>Primera preinscripci\u00f3n y evaluaciones<\/strong><\/h2>\n\n\n\n<p>Entre el&nbsp;<strong>13 y el 17 de octubre<\/strong>, se abrir\u00e1 la&nbsp;<strong>primera etapa de preinscripci\u00f3n<\/strong>, que deber\u00e1 realizarse en una sola instituci\u00f3n educativa.<\/p>\n\n\n\n<p>Los listados de colegios con sobredemanda se publicar\u00e1n el&nbsp;<strong>21 y 22 de octubre<\/strong>, mientras que entre el&nbsp;<strong>23 y el 29 de octubre<\/strong>&nbsp;se organizar\u00e1n reuniones informativas para tutores sobre la evaluaci\u00f3n.<\/p>\n\n\n\n<p>El&nbsp;<strong>31 de octubre<\/strong>&nbsp;se realizar\u00e1 la&nbsp;<strong>instancia evaluativa<\/strong>&nbsp;en aquellas instituciones hist\u00f3ricamente m\u00e1s demandadas.<\/p>\n\n\n\n<h2 class=\"wp-block-heading\"><strong>Publicaci\u00f3n de vacantes y segunda preinscripci\u00f3n<\/strong><\/h2>\n\n\n\n<p>El&nbsp;<strong>6 de noviembre<\/strong>&nbsp;se difundir\u00e1n las vacantes asignadas. Los d\u00edas&nbsp;<strong>6, 7 y 10 de noviembre<\/strong>&nbsp;se concretar\u00e1 la confirmaci\u00f3n e inscripci\u00f3n definitiva con presentaci\u00f3n de la documentaci\u00f3n requerida.<\/p>\n\n\n\n<p>El relevamiento de vacantes disponibles se efectuar\u00e1 el&nbsp;<strong>11 y 12 de noviembre<\/strong>, y del&nbsp;<strong>13 al 15 de noviembre<\/strong>&nbsp;se abrir\u00e1 la&nbsp;<strong>segunda etapa de preinscripci\u00f3n<\/strong>, esta vez con la posibilidad de elegir hasta dos instituciones.<\/p>\n\n\n\n<p>El&nbsp;<strong>17 de noviembre<\/strong>&nbsp;volver\u00e1n a publicarse los listados de colegios con sobredemanda. Luego, el&nbsp;<strong>20 de noviembre<\/strong>, se asignar\u00e1 un \u201cmomento\u201d para cada instituci\u00f3n a trav\u00e9s de IMPROJUY. El&nbsp;<strong>22 de noviembre<\/strong>&nbsp;se publicar\u00e1 la asignaci\u00f3n de vacantes por escuela.<\/p>\n\n\n\n<p>Las confirmaciones e inscripciones se realizar\u00e1n entre el&nbsp;<strong>24 y el 26 de noviembre<\/strong>, seguidas por un nuevo relevamiento de vacantes el&nbsp;<strong>27 y 28 de noviembre<\/strong>.<\/p>\n\n\n\n<h2 class=\"wp-block-heading\"><strong>Tercera preinscripci\u00f3n y cierre del proceso<\/strong><\/h2>\n\n\n\n<p>El cronograma cerrar\u00e1 con la&nbsp;<strong>tercera preinscripci\u00f3n<\/strong>, programada para los d\u00edas&nbsp;<strong>2 y 3 de diciembre<\/strong>, con la posibilidad de postularse en hasta dos instituciones educativas.<\/p>\n\n\n\n<p>El&nbsp;<strong>9 de diciembre<\/strong>&nbsp;se volver\u00e1 a asignar un \u201cmomento\u201d para las instituciones con sobredemanda mediante IMPROJUY. El&nbsp;<strong>11 de diciembre<\/strong>&nbsp;se publicar\u00e1n las vacantes asignadas, y la confirmaci\u00f3n final se desarrollar\u00e1 los d\u00edas&nbsp;<strong>12, 15 y 16 de diciembre<\/strong>, con la entrega de la documentaci\u00f3n correspondiente.<\/p>\n\n\n\n<p>Con este esquema, el Ministerio de Educaci\u00f3n busca garantizar un proceso ordenado y equitativo, asegurando que cada estudiante que egresa del nivel primario acceda a una vacante en el nivel secundario de cara al ciclo lectivo 2026.<\/p>\n\n\n\n<h2 class=\"wp-block-heading\"><strong>\u00bfCu\u00e1ndo son los sorteos?<\/strong><\/h2>\n\n\n\n<p>A trav\u00e9s del&nbsp;<strong><a href=\"https:\/\/www.todojujuy.com\/inprojuy-a17439\" target=\"_blank\" rel=\"noreferrer noopener\">INPROJUY<\/a><\/strong>, ase realizar\u00e1n los sorteos para asignar las vacantes en los establecimientos con sobredemanda que no tienen examen de ingreso. Ser\u00e1n:<\/p>\n\n\n\n<ul class=\"wp-block-list\">\n<li>1\u00b0 sorteo: 28 de octubre<\/li>\n\n\n\n<li>2do sorteo: 20 de noviembre<\/li>\n\n\n\n<li>3er sorteo: 9 de diciembre<\/li>\n<\/ul>\n\n\n\n<h2 class=\"wp-block-heading\">En qu\u00e9 colegios habr\u00e1 examen de ingreso<\/h2>\n\n\n\n<p>La lista de instituciones donde se realizar\u00e1 la instancia evaluativa abarca establecimientos de toda la provincia.<\/p>\n\n\n\n<p>San Salvador de Jujuy<\/p>\n\n\n\n<ul class=\"wp-block-list\">\n<li>Colegio N\u00b01 \u201cTeodoro S\u00e1nchez de Bustamante\u201d<\/li>\n\n\n\n<li>Escuela de Educaci\u00f3n T\u00e9cnica N\u00b01 \u201cEscol\u00e1stico Zegada\u201d<\/li>\n\n\n\n<li>Colegio N\u00b02 \u201cArmada Argentina\u201d<\/li>\n\n\n\n<li>Colegio N\u00b03 \u201c\u00c9xodo Juje\u00f1o\u201d<\/li>\n\n\n\n<li>Escuela de Comercio N\u00b01 \u201cProf. Jos\u00e9 Antonio Casas\u201d<\/li>\n\n\n\n<li>Escuela Provincial de Artes N\u00ba1 \u201cMedardo Pantoja\u201d<\/li>\n\n\n\n<li>Escuela T\u00e9cnica Provincial N\u00b01 \u201cArist\u00f3bulo Vargas Belmonte\u201d<\/li>\n\n\n\n<li>Colegio Secundario N\u00b054<\/li>\n<\/ul>\n\n\n\n<p>Palpal\u00e1<\/p>\n\n\n\n<ul class=\"wp-block-list\">\n<li>Colegio N\u00b01 \u201cDomingo Faustino Sarmiento\u201d<\/li>\n\n\n\n<li>Escuela de Educaci\u00f3n T\u00e9cnica N\u00b01 \u201cGeneral Savio\u201d<\/li>\n<\/ul>\n\n\n\n<p>Perico<\/p>\n\n\n\n<ul class=\"wp-block-list\">\n<li>Colegio Secundario N\u00b068<\/li>\n\n\n\n<li>Escuela T\u00e9cnica N\u00b01 \u201cMaestro Humberto Samuel Luna\u201d<\/li>\n<\/ul>\n\n\n\n<p>Monterrico<\/p>\n\n\n\n<ul class=\"wp-block-list\">\n<li>Colegio Secundario N\u00b036<\/li>\n<\/ul>\n\n\n\n<p>San Pedro de Jujuy<\/p>\n\n\n\n<ul class=\"wp-block-list\">\n<li>Escuela de Educaci\u00f3n T\u00e9cnica N\u00b01 \u201cCnel. Manuel \u00c1lvarez Prado\u201d<\/li>\n\n\n\n<li>Colegio Secundario N\u00b060<\/li>\n<\/ul>\n\n\n\n<p>Libertador General San Mart\u00edn<\/p>\n\n\n\n<ul class=\"wp-block-list\">\n<li>Escuela Provincial Agrot\u00e9cnica N\u00b04 \u201cNelly Arrieta\u201d<\/li>\n\n\n\n<li>Colegio Secundario N\u00b065 \u201cNikola Tesla\u201d<\/li>\n<\/ul>\n\n\n\n<p>Calilegua<\/p>\n\n\n\n<ul class=\"wp-block-list\">\n<li>Colegio Secundario N\u00b070<\/li>\n<\/ul>\n\n\n\n<p>Humahuaca<\/p>\n\n\n\n<ul class=\"wp-block-list\">\n<li>Escuela Provincial Agrot\u00e9cnica N\u00b03 \u201cCoronel Arias\u201d<\/li>\n<\/ul>\n\n\n\n<p>Abra Pampa<\/p>\n\n\n\n<ul class=\"wp-block-list\">\n<li>Escuela Provincial Agrot\u00e9cnica N\u00b08<\/li>\n<\/ul>\n","protected":false},"excerpt":{"rendered":"<p>Este documento es un requisito ineludible que deber\u00e1n tener a disposici\u00f3n las familias para el ingreso a primer a\u00f1o. El Ministerio de Educaci\u00f3n de Jujuy inform\u00f3 que desde el 1 de octubre se podr\u00e1 solicitar en las escuelas primarias la constancia alfanum\u00e9rica, requisito indispensable para realizar la preinscripci\u00f3n del\u00a0ingreso a primer a\u00f1o. A partir de [&hellip;]<\/p>\n","protected":false},"author":7,"featured_media":16887,"comment_status":"open","ping_status":"open","sticky":false,"template":"","format":"standard","meta":{"_themeisle_gutenberg_block_has_review":false,"footnotes":""},"categories":[248],"tags":[2809,1760,58],"class_list":["post-16886","post","type-post","status-publish","format-standard","has-post-thumbnail","hentry","category-educacion","tag-2809","tag-clases","tag-jujuy"],"_links":{"self":[{"href":"https:\/\/horapicodigital.com.ar\/index.php\/wp-json\/wp\/v2\/posts\/16886","targetHints":{"allow":["GET"]}}],"collection":[{"href":"https:\/\/horapicodigital.com.ar\/index.php\/wp-json\/wp\/v2\/posts"}],"about":[{"href":"https:\/\/horapicodigital.com.ar\/index.php\/wp-json\/wp\/v2\/types\/post"}],"author":[{"embeddable":true,"href":"https:\/\/horapicodigital.com.ar\/index.php\/wp-json\/wp\/v2\/users\/7"}],"replies":[{"embeddable":true,"href":"https:\/\/horapicodigital.com.ar\/index.php\/wp-json\/wp\/v2\/comments?post=16886"}],"version-history":[{"count":1,"href":"https:\/\/horapicodigital.com.ar\/index.php\/wp-json\/wp\/v2\/posts\/16886\/revisions"}],"predecessor-version":[{"id":16888,"href":"https:\/\/horapicodigital.com.ar\/index.php\/wp-json\/wp\/v2\/posts\/16886\/revisions\/16888"}],"wp:featuredmedia":[{"embeddable":true,"href":"https:\/\/horapicodigital.com.ar\/index.php\/wp-json\/wp\/v2\/media\/16887"}],"wp:attachment":[{"href":"https:\/\/horapicodigital.com.ar\/index.php\/wp-json\/wp\/v2\/media?parent=16886"}],"wp:term":[{"taxonomy":"category","embeddable":true,"href":"https:\/\/horapicodigital.com.ar\/index.php\/wp-json\/wp\/v2\/categories?post=16886"},{"taxonomy":"post_tag","embeddable":true,"href":"https:\/\/horapicodigital.com.ar\/index.php\/wp-json\/wp\/v2\/tags?post=16886"}],"curies":[{"name":"wp","href":"https:\/\/api.w.org\/{rel}","templated":true}]}}