{"id":16880,"date":"2025-10-01T07:45:24","date_gmt":"2025-10-01T10:45:24","guid":{"rendered":"https:\/\/horapicodigital.com.ar\/?p=16880"},"modified":"2025-10-01T07:45:24","modified_gmt":"2025-10-01T10:45:24","slug":"jujuy-proyecta-su-presupuesto-2026-en-base-a-los-anuncios-del-gobierno-nacional","status":"publish","type":"post","link":"https:\/\/horapicodigital.com.ar\/index.php\/2025\/10\/01\/jujuy-proyecta-su-presupuesto-2026-en-base-a-los-anuncios-del-gobierno-nacional\/","title":{"rendered":"Jujuy proyecta su Presupuesto 2026 en base a los anuncios del Gobierno Nacional"},"content":{"rendered":"\n<p>Desde el Ministro de Hacienda de Jujuy adelantaron que ya trabajan en el<strong>\u00a0Presupuesto 2026<\/strong>, siguiendo los par\u00e1metros anunciados por el\u00a0<strong>Gobierno Nacional.<\/strong><\/p>\n\n\n\n<p>Luego de que el\u00a0<strong>presidente Javier Milei<\/strong>\u00a0presentara por cadena nacional\u00a0<strong>el proyecto de Presupuesto 2026,\u00a0<\/strong>que contempla aumentos en jubilaciones, educaci\u00f3n, salud y pensiones por discapacidad superiores a la inflaci\u00f3n proyectada para el pr\u00f3ximo a\u00f1o, desde el Ministerio de Hacienda de Jujuy confirmaron que vienen trabajando en el Presupuesto Provincial en base a los anuncios del Ejecutivo Nacional.<\/p>\n\n\n\n<p>Asimismo,\u00a0<strong>el ministro Federico Cardozo<\/strong>\u00a0adelant\u00f3 que a mediados de octubre citar\u00e1n a los gremios estatales para debatir la \u00faltima mesa paritaria de 2025.<\/p>\n\n\n\n<h2 class=\"wp-block-heading\">Presupuesto 2026 de la provincia de Jujuy: avances de los ministerios<\/h2>\n\n\n\n<p>Seg\u00fan detall\u00f3 el ministro de Hacienda, Federico Cardozo,&nbsp;<strong>hace tiempo iniciaron los trabajos junto a los distintos ministerios<\/strong>&nbsp;de la provincia de Jujuy, \u201cya que cada uno tiene que presentar lo que considera en la Direcci\u00f3n de Presupuesto\u201d.<\/p>\n\n\n\n<p>En ese aspecto, asegur\u00f3 que, ante el reciente anuncio del<strong><a href=\"https:\/\/www.todojujuy.com\/gobierno-nacional-a13222\" target=\"_blank\" rel=\"noreferrer noopener\">&nbsp;Gobierno Nacional&nbsp;<\/a><\/strong>sobre el Presupuesto 2026, \u201cse tomaron los par\u00e1metros que se tienen que tener en cuenta con<strong>&nbsp;respecto a la inflaci\u00f3n<\/strong>&nbsp;para el a\u00f1o que viene\u201d. Adem\u00e1s, indic\u00f3 que se est\u00e1 realizando un an\u00e1lisis exhaustivo del precio del d\u00f3lar para cerrar el Presupuesto.<\/p>\n\n\n\n<p>En cuanto a la pauta inflacionaria que marca el Gobierno Nacional para el Presupuesto 2026, el ministro Cardozo consider\u00f3 que \u201ces muy baja\u201d. Al respecto enfatiz\u00f3: \u00abEste a\u00f1o iniciaron con una proyecci\u00f3n del 20%, y hoy por hoy, est\u00e1n m\u00e1s arriba de ese porcentaje\u00bb.<\/p>\n\n\n\n<h2 class=\"wp-block-heading\">Llamado a paritaritas y pauta salarial 2026<\/h2>\n\n\n\n<p><strong><a href=\"https:\/\/www.todojujuy.com\/paritarias-a1298\" target=\"_blank\" rel=\"noreferrer noopener\">Sobre las paritarias<\/a>,<\/strong>&nbsp;el referente de Hacienda adelant\u00f3 que seguramente&nbsp;<strong>en octubre volver\u00e1n a convocar a los gremios estatales.&nbsp;<\/strong>\u201cEn la \u00faltima mesa paritaria pusimos pauta para agosto y septiembre, este \u00faltimo mes se liquidar\u00e1 ahora y se pagar\u00e1 en octubre. Calculo que a mediados de octubre se citar\u00e1 para la nueva paritaria, para ver si podemos encarar hasta fin de a\u00f1o una pauta salarial\u201d, explic\u00f3.<\/p>\n\n\n\n<p>En cuanto a la pauta salarial 2026, Cardozo manifest\u00f3 que \u201cse tiene en cuenta<strong>&nbsp;<a href=\"https:\/\/www.todojujuy.com\/inflacion-a458\" target=\"_blank\" rel=\"noreferrer noopener\">la inflaci\u00f3n<\/a><\/strong>&nbsp;que se tiene\u201d y, adem\u00e1s, se analizan los recursos provinciales.<\/p>\n\n\n\n<p>\u201cSiempre nos planteamos que, dependiendo de los recursos y la pauta de inflaci\u00f3n que hay, se vendr\u00e1 por atr\u00e1s aparejada la pauta salarial del a\u00f1o siguiente\u201d, puntualiz\u00f3 el funcionario.<\/p>\n\n\n\n<h2 class=\"wp-block-heading\">Presupuesto 2026: proyecto que present\u00f3 Javier Milei en cadena nacional<\/h2>\n\n\n\n<p><strong>El presidente de la Naci\u00f3n, Javier Milei, present\u00f3 el lunes 15 de septiembre por cadena nacional el proyecto de Presupuesto 2026,\u00a0<\/strong>que contempla aumentos en jubilaciones, educaci\u00f3n, salud y pensiones por discapacidad superiores a la inflaci\u00f3n proyectada para el pr\u00f3ximo a\u00f1o.<\/p>\n\n\n\n<p>El documento, aprobado en agosto por el organismo, proyecta para 2026 un aumento del PBI del 4,5% y una inflaci\u00f3n anual de entre el 7% y el 12%. Tambi\u00e9n se proyecta mantener los niveles de asistencia social en torno al 3,2% del PBI, un leve aumento del gasto en jubilaciones y pensiones (del 6,7% al 6,8% del PBI) y un super\u00e1vit primario (la diferencia entre los ingresos y los gastos, sin contar el pago de intereses de la deuda) del 2,2% del PBI y un equilibrio financiero (el super\u00e1vit primario menos el pago de intereses).<\/p>\n\n\n\n<p>Seg\u00fan explic\u00f3 el Presidente, el 85% del gasto previsto para 2026 se destinar\u00e1 a educaci\u00f3n, salud y jubilaciones. Estas \u00e1reas, anunci\u00f3, tendr\u00e1n incrementos reales por encima de la inflaci\u00f3n: un 17% en salud, 8% en educaci\u00f3n y 5% en jubilaciones y pensiones por discapacidad. Tambi\u00e9n se\u00f1al\u00f3 que las universidades nacionales recibir\u00e1n $4,8 billones, lo que significa un aumento nominal del 13% frente al presupuesto de 2025, aunque en lo que va del a\u00f1o el gasto en educaci\u00f3n superior fue 30% menor en t\u00e9rminos reales al de 2023.<\/p>\n\n\n\n<p>El Presupuesto incorpora un r\u00e9gimen de extinci\u00f3n de obligaciones rec\u00edprocas entre Naci\u00f3n y provincias. Seg\u00fan datos oficiales, 18 jurisdicciones ya adhirieron a este mecanismo, que permite compensar deudas cruzadas y que hasta ahora implic\u00f3 la cancelaci\u00f3n de casi $400 mil millones, con el objetivo de \u201crecomponer la relaci\u00f3n fiscal\u201d entre los distintos niveles del Estado.<\/p>\n","protected":false},"excerpt":{"rendered":"<p>Desde el Ministro de Hacienda de Jujuy adelantaron que ya trabajan en el\u00a0Presupuesto 2026, siguiendo los par\u00e1metros anunciados por el\u00a0Gobierno Nacional. Luego de que el\u00a0presidente Javier Milei\u00a0presentara por cadena nacional\u00a0el proyecto de Presupuesto 2026,\u00a0que contempla aumentos en jubilaciones, educaci\u00f3n, salud y pensiones por discapacidad superiores a la inflaci\u00f3n proyectada para el pr\u00f3ximo a\u00f1o, desde el [&hellip;]<\/p>\n","protected":false},"author":7,"featured_media":16881,"comment_status":"open","ping_status":"open","sticky":false,"template":"","format":"standard","meta":{"_themeisle_gutenberg_block_has_review":false,"footnotes":""},"categories":[6,33],"tags":[58,85],"class_list":["post-16880","post","type-post","status-publish","format-standard","has-post-thumbnail","hentry","category-economia","category-politica","tag-jujuy","tag-pais"],"_links":{"self":[{"href":"https:\/\/horapicodigital.com.ar\/index.php\/wp-json\/wp\/v2\/posts\/16880","targetHints":{"allow":["GET"]}}],"collection":[{"href":"https:\/\/horapicodigital.com.ar\/index.php\/wp-json\/wp\/v2\/posts"}],"about":[{"href":"https:\/\/horapicodigital.com.ar\/index.php\/wp-json\/wp\/v2\/types\/post"}],"author":[{"embeddable":true,"href":"https:\/\/horapicodigital.com.ar\/index.php\/wp-json\/wp\/v2\/users\/7"}],"replies":[{"embeddable":true,"href":"https:\/\/horapicodigital.com.ar\/index.php\/wp-json\/wp\/v2\/comments?post=16880"}],"version-history":[{"count":1,"href":"https:\/\/horapicodigital.com.ar\/index.php\/wp-json\/wp\/v2\/posts\/16880\/revisions"}],"predecessor-version":[{"id":16882,"href":"https:\/\/horapicodigital.com.ar\/index.php\/wp-json\/wp\/v2\/posts\/16880\/revisions\/16882"}],"wp:featuredmedia":[{"embeddable":true,"href":"https:\/\/horapicodigital.com.ar\/index.php\/wp-json\/wp\/v2\/media\/16881"}],"wp:attachment":[{"href":"https:\/\/horapicodigital.com.ar\/index.php\/wp-json\/wp\/v2\/media?parent=16880"}],"wp:term":[{"taxonomy":"category","embeddable":true,"href":"https:\/\/horapicodigital.com.ar\/index.php\/wp-json\/wp\/v2\/categories?post=16880"},{"taxonomy":"post_tag","embeddable":true,"href":"https:\/\/horapicodigital.com.ar\/index.php\/wp-json\/wp\/v2\/tags?post=16880"}],"curies":[{"name":"wp","href":"https:\/\/api.w.org\/{rel}","templated":true}]}}