{"id":16870,"date":"2025-10-01T07:35:23","date_gmt":"2025-10-01T10:35:23","guid":{"rendered":"https:\/\/horapicodigital.com.ar\/?p=16870"},"modified":"2025-10-01T07:35:24","modified_gmt":"2025-10-01T10:35:24","slug":"pizarro-repudio-el-freno-de-milei-a-la-emergencia-en-discapacidad","status":"publish","type":"post","link":"https:\/\/horapicodigital.com.ar\/index.php\/2025\/10\/01\/pizarro-repudio-el-freno-de-milei-a-la-emergencia-en-discapacidad\/","title":{"rendered":"PIZARRO REPUDI\u00d3 EL FRENO DE MILEI A LA EMERGENCIA EN DISCAPACIDAD"},"content":{"rendered":"\n<p>Mario Pizarro, candidato de diputado nacional por el Frente Jujuy Crece en Provincias Unidas, se refiri\u00f3 a la publicaci\u00f3n en el Bolet\u00edn Oficial por parte del Poder Ejecutivo sobre la promulgaci\u00f3n de la emergencia en discapacidad, pero en el mismo decreto (681\/25) devolvi\u00f3 la ley al Congreso y lo conmin\u00f3 a que incluya las partidas correspondientes en el Presupuesto Nacional que permitan la ejecuci\u00f3n de la ley.<br>En ese sentido, Pizarro manifest\u00f3 que \u201cno existe resorte constitucional que contemple la opci\u00f3n de devolver al Congreso una ley sancionada, en un hecho in\u00e9dito en democracia\u201d y, adem\u00e1s, resalt\u00f3 que \u201cel Decreto 681\/25 es de nulidad absoluta e insanable y viola los derechos de las personas con discapacidad\u201d.<br>\u201cLa Constituci\u00f3n argentina es clara y concreta en lo atinente al proceso de formaci\u00f3n y sanci\u00f3n de las leyes\u201d, sostuvo.<br>Pizarro afirm\u00f3 que esta maniobra es un hecho, \u201cinaudito e in\u00e9dito\u201d, ya que nunca un gobierno incumpli\u00f3 una ley tan abiertamente, desafiando a la voluntad popular y a la propia Constituci\u00f3n\u201d.<br>En tal sentido, el candidato a diputado Nacional por el Frente Jujuy Crece manifest\u00f3 que van a promover acciones de amparo en defensa de las personas afectadas por el incumplimiento de la ley por parte del gobierno nacional.<\/p>\n","protected":false},"excerpt":{"rendered":"<p>Mario Pizarro, candidato de diputado nacional por el Frente Jujuy Crece en Provincias Unidas, se refiri\u00f3 a la publicaci\u00f3n en el Bolet\u00edn Oficial por parte del Poder Ejecutivo sobre la promulgaci\u00f3n de la emergencia en discapacidad, pero en el mismo decreto (681\/25) devolvi\u00f3 la ley al Congreso y lo conmin\u00f3 a que incluya las partidas [&hellip;]<\/p>\n","protected":false},"author":7,"featured_media":16871,"comment_status":"open","ping_status":"open","sticky":false,"template":"","format":"standard","meta":{"_themeisle_gutenberg_block_has_review":false,"footnotes":""},"categories":[2719,33],"tags":[971,85],"class_list":["post-16870","post","type-post","status-publish","format-standard","has-post-thumbnail","hentry","category-cultura","category-politica","tag-milei","tag-pais"],"_links":{"self":[{"href":"https:\/\/horapicodigital.com.ar\/index.php\/wp-json\/wp\/v2\/posts\/16870","targetHints":{"allow":["GET"]}}],"collection":[{"href":"https:\/\/horapicodigital.com.ar\/index.php\/wp-json\/wp\/v2\/posts"}],"about":[{"href":"https:\/\/horapicodigital.com.ar\/index.php\/wp-json\/wp\/v2\/types\/post"}],"author":[{"embeddable":true,"href":"https:\/\/horapicodigital.com.ar\/index.php\/wp-json\/wp\/v2\/users\/7"}],"replies":[{"embeddable":true,"href":"https:\/\/horapicodigital.com.ar\/index.php\/wp-json\/wp\/v2\/comments?post=16870"}],"version-history":[{"count":1,"href":"https:\/\/horapicodigital.com.ar\/index.php\/wp-json\/wp\/v2\/posts\/16870\/revisions"}],"predecessor-version":[{"id":16872,"href":"https:\/\/horapicodigital.com.ar\/index.php\/wp-json\/wp\/v2\/posts\/16870\/revisions\/16872"}],"wp:featuredmedia":[{"embeddable":true,"href":"https:\/\/horapicodigital.com.ar\/index.php\/wp-json\/wp\/v2\/media\/16871"}],"wp:attachment":[{"href":"https:\/\/horapicodigital.com.ar\/index.php\/wp-json\/wp\/v2\/media?parent=16870"}],"wp:term":[{"taxonomy":"category","embeddable":true,"href":"https:\/\/horapicodigital.com.ar\/index.php\/wp-json\/wp\/v2\/categories?post=16870"},{"taxonomy":"post_tag","embeddable":true,"href":"https:\/\/horapicodigital.com.ar\/index.php\/wp-json\/wp\/v2\/tags?post=16870"}],"curies":[{"name":"wp","href":"https:\/\/api.w.org\/{rel}","templated":true}]}}