{"id":16713,"date":"2025-09-24T06:40:12","date_gmt":"2025-09-24T09:40:12","guid":{"rendered":"https:\/\/horapicodigital.com.ar\/?p=16713"},"modified":"2025-09-24T06:40:13","modified_gmt":"2025-09-24T09:40:13","slug":"choque-sobre-ruta-2-dejo-un-herido-con-lesiones-leves","status":"publish","type":"post","link":"https:\/\/horapicodigital.com.ar\/index.php\/2025\/09\/24\/choque-sobre-ruta-2-dejo-un-herido-con-lesiones-leves\/","title":{"rendered":"Choque sobre Ruta 2 dej\u00f3 un herido con lesiones leves"},"content":{"rendered":"\n<p>El hecho ocurri\u00f3 entre un auto y una camioneta que chocaron cuando uno de ellos quiso hacer una maniobra en U.<\/p>\n\n\n\n<p><strong>Un siniestro vial se registr\u00f3 este martes por la tarde en la Ruta 2<\/strong>, a la altura del acceso a los barrios privados de\u00a0<strong>La Almona<\/strong>, en la ciudad de San Salvador de Jujuy.<\/p>\n\n\n\n<p>El hecho ocurri\u00f3 cuando una\u00a0<strong>camioneta Toyota<\/strong>\u00a0y un\u00a0<strong>auto Toyota<\/strong>\u00a0colisionaron, luego de que uno de los veh\u00edculos intentara realizar una maniobra en U. En el auto viajaba una persona, mientras que en la camioneta se desplazaban tres ocupantes.<\/p>\n\n\n\n<p><em><strong>Como consecuencia del impacto, uno de los involucrados sufri\u00f3 lesiones leves y fue asistido en el lugar por personal del SAME. Los test de alcoholemia realizados a ambos conductores arrojaron resultado negativo.<\/strong><\/em><\/p>\n\n\n\n<p>En el lugar trabajaron efectivos de la\u00a0<strong>Polic\u00eda de la Provincia<\/strong>,\u00a0<strong>Seguridad Vial<\/strong>\u00a0y\u00a0<strong>Bomberos<\/strong>, quienes ordenaron el tr\u00e1nsito y aseguraron la zona hasta la remoci\u00f3n de los veh\u00edculos.<\/p>\n\n\n\n<p><\/p>\n","protected":false},"excerpt":{"rendered":"<p>El hecho ocurri\u00f3 entre un auto y una camioneta que chocaron cuando uno de ellos quiso hacer una maniobra en U. Un siniestro vial se registr\u00f3 este martes por la tarde en la Ruta 2, a la altura del acceso a los barrios privados de\u00a0La Almona, en la ciudad de San Salvador de Jujuy. El [&hellip;]<\/p>\n","protected":false},"author":7,"featured_media":16714,"comment_status":"open","ping_status":"open","sticky":false,"template":"","format":"standard","meta":{"_themeisle_gutenberg_block_has_review":false,"footnotes":""},"categories":[2797],"tags":[58],"class_list":["post-16713","post","type-post","status-publish","format-standard","has-post-thumbnail","hentry","category-accidente","tag-jujuy"],"_links":{"self":[{"href":"https:\/\/horapicodigital.com.ar\/index.php\/wp-json\/wp\/v2\/posts\/16713","targetHints":{"allow":["GET"]}}],"collection":[{"href":"https:\/\/horapicodigital.com.ar\/index.php\/wp-json\/wp\/v2\/posts"}],"about":[{"href":"https:\/\/horapicodigital.com.ar\/index.php\/wp-json\/wp\/v2\/types\/post"}],"author":[{"embeddable":true,"href":"https:\/\/horapicodigital.com.ar\/index.php\/wp-json\/wp\/v2\/users\/7"}],"replies":[{"embeddable":true,"href":"https:\/\/horapicodigital.com.ar\/index.php\/wp-json\/wp\/v2\/comments?post=16713"}],"version-history":[{"count":1,"href":"https:\/\/horapicodigital.com.ar\/index.php\/wp-json\/wp\/v2\/posts\/16713\/revisions"}],"predecessor-version":[{"id":16715,"href":"https:\/\/horapicodigital.com.ar\/index.php\/wp-json\/wp\/v2\/posts\/16713\/revisions\/16715"}],"wp:featuredmedia":[{"embeddable":true,"href":"https:\/\/horapicodigital.com.ar\/index.php\/wp-json\/wp\/v2\/media\/16714"}],"wp:attachment":[{"href":"https:\/\/horapicodigital.com.ar\/index.php\/wp-json\/wp\/v2\/media?parent=16713"}],"wp:term":[{"taxonomy":"category","embeddable":true,"href":"https:\/\/horapicodigital.com.ar\/index.php\/wp-json\/wp\/v2\/categories?post=16713"},{"taxonomy":"post_tag","embeddable":true,"href":"https:\/\/horapicodigital.com.ar\/index.php\/wp-json\/wp\/v2\/tags?post=16713"}],"curies":[{"name":"wp","href":"https:\/\/api.w.org\/{rel}","templated":true}]}}