{"id":16021,"date":"2025-08-15T08:32:35","date_gmt":"2025-08-15T11:32:35","guid":{"rendered":"https:\/\/horapicodigital.com.ar\/?p=16021"},"modified":"2025-08-15T08:32:36","modified_gmt":"2025-08-15T11:32:36","slug":"hoy-es-dia-no-laborable-quienes-no-trabajan-y-como-funcionaran-los-servicios-en-jujuy","status":"publish","type":"post","link":"https:\/\/horapicodigital.com.ar\/index.php\/2025\/08\/15\/hoy-es-dia-no-laborable-quienes-no-trabajan-y-como-funcionaran-los-servicios-en-jujuy\/","title":{"rendered":"Hoy es d\u00eda no laborable: qui\u00e9nes no trabajan y c\u00f3mo funcionar\u00e1n los servicios en Jujuy"},"content":{"rendered":"\n<p>En fechas c\u00f3mo las de hoy la decisi\u00f3n de otorgar el d\u00eda libre corre por cuenta del empleador. En Jujuy, algunos servicios municipales tendr\u00e1n funciones limitadas.<\/p>\n\n\n\n<p>Por el feriado nacional en conmemoraci\u00f3n al\u00a0<strong>\u201cPaso a la Inmortalidad del General Jos\u00e9 de San Mart\u00edn\u201d que ser\u00e1 el domingo 17 de agosto<\/strong>, el Ejecutivo decidi\u00f3 que el viernes 15 de agosto sea considerado un\u00a0<strong>d\u00eda no laborable.<\/strong><\/p>\n\n\n\n<p><em><strong>Esto significa que cada empleador tiene la facultad de permitir o no que sus empleados tomen ese d\u00eda libre. Por esa raz\u00f3n, ser\u00e1n pocas las personas que realmente puedan disfrutar de un fin de semana extendido, entre ellos, los empleados de la administraci\u00f3n p\u00fablica.<\/strong><\/em><\/p>\n\n\n\n<p>Tal es as\u00ed que el&nbsp;<a href=\"https:\/\/www.argentina.gob.ar\/interior\/feriados-nacionales-2025#feriado-15-8\" target=\"_blank\" rel=\"noreferrer noopener\">Decreto 1027\/2024,<\/a>&nbsp;publicado en noviembre del a\u00f1o pasado en el Bolet\u00edn Oficial, establece que los \u00fanicos 3 d\u00edas no laborables en el a\u00f1o ser\u00e1n:<\/p>\n\n\n\n<ul class=\"wp-block-list\">\n<li>2 de mayo<\/li>\n\n\n\n<li>15 de agosto<\/li>\n\n\n\n<li>21 de noviembre<\/li>\n<\/ul>\n\n\n\n<h2 class=\"wp-block-heading\">C\u00f3mo se trabaja en un d\u00eda no laborable<\/h2>\n\n\n\n<p>Al ser un \u00abd\u00eda no laborable con fines tur\u00edsticos\u00bb, la normativa no lo incluye dentro de la lista de feriados a nivel nacional. De esta manera,&nbsp;<strong>los trabajadores podr\u00edan llegar a prestar sus servicios durante la jornada, aunque esto depender\u00e1 pura y exclusivamente de la determinaci\u00f3n de sus empleadores<\/strong>.<\/p>\n\n\n\n<p>\u00ab<strong>En los d\u00edas no laborables, el trabajo ser\u00e1 optativo para el empleador, salvo en bancos, seguros y actividades afines, conforme lo determine la reglamentaci\u00f3n<\/strong>\u00ab, se\u00f1ala la Ley de Contrato de Trabajo.<\/p>\n\n\n\n<h2 class=\"wp-block-heading\"><strong>C\u00f3mo funcionar\u00e1n los servicios municipales<\/strong><\/h2>\n\n\n\n<p>Desde la Direcci\u00f3n de Higiene Urbana informaron que los<strong><a href=\"https:\/\/www.todojujuy.com\/jujuy\/cambios-el-transporte-san-salvador-jujuy-permiten-llevar-perros-y-gatos-compania-n277875\" target=\"_blank\" rel=\"noreferrer noopener\">&nbsp;servicios de recolecci\u00f3n de residuos que depende del Municipio<\/a><\/strong>, tanto la domiciliaria como los servicios especiales, ser\u00e1 normal, mientras que la limpieza\/barrido funcionar\u00e1 de manera reducida.<\/p>\n\n\n\n<p><strong>La empresa Limsa S.A. inform\u00f3<\/strong>&nbsp;que la recolecci\u00f3n de residuos domiciliaria, comercial, la recolecci\u00f3n pat\u00f3geno, el barrido en el micro centro y terminal, barrido manual, el mec\u00e1nico y la recolecci\u00f3n de malezas\/ escombros funcionar\u00e1n de manera normal.<\/p>\n\n\n\n<p>El&nbsp;<strong>transporte urbano<\/strong>&nbsp;prestar\u00e1 servicios con unidades reducidas, mientras que los Taxis funcionar\u00e1n con tarifa 1. En el caso de los&nbsp;<strong>ascensores urbanos<\/strong>, funcionar\u00e1n de 8 a 20 horas. En relaci\u00f3n al&nbsp;<strong>estacionamiento tarifado<\/strong>, no se cobrar\u00e1 este viernes.<\/p>\n\n\n\n<p>Desde la&nbsp;<strong>Direcci\u00f3n de Cementerios<\/strong>&nbsp;comunicaron que los horarios de atenci\u00f3n durante todo el fin de semana, en las oficinas administrativas, ser\u00e1 de 8 a 13 horas, y para visitas al campo santo de 8 a 18 horas. Los&nbsp;<strong>mercados municipales<\/strong>&nbsp;atender\u00e1n medio d\u00eda.<\/p>\n","protected":false},"excerpt":{"rendered":"<p>En fechas c\u00f3mo las de hoy la decisi\u00f3n de otorgar el d\u00eda libre corre por cuenta del empleador. En Jujuy, algunos servicios municipales tendr\u00e1n funciones limitadas. Por el feriado nacional en conmemoraci\u00f3n al\u00a0\u201cPaso a la Inmortalidad del General Jos\u00e9 de San Mart\u00edn\u201d que ser\u00e1 el domingo 17 de agosto, el Ejecutivo decidi\u00f3 que el viernes [&hellip;]<\/p>\n","protected":false},"author":7,"featured_media":16022,"comment_status":"open","ping_status":"open","sticky":false,"template":"","format":"standard","meta":{"_themeisle_gutenberg_block_has_review":false,"footnotes":""},"categories":[8,81,118],"tags":[1121,58],"class_list":["post-16021","post","type-post","status-publish","format-standard","has-post-thumbnail","hentry","category-fin-de-semana","category-general","category-sociedad","tag-feriado","tag-jujuy"],"_links":{"self":[{"href":"https:\/\/horapicodigital.com.ar\/index.php\/wp-json\/wp\/v2\/posts\/16021","targetHints":{"allow":["GET"]}}],"collection":[{"href":"https:\/\/horapicodigital.com.ar\/index.php\/wp-json\/wp\/v2\/posts"}],"about":[{"href":"https:\/\/horapicodigital.com.ar\/index.php\/wp-json\/wp\/v2\/types\/post"}],"author":[{"embeddable":true,"href":"https:\/\/horapicodigital.com.ar\/index.php\/wp-json\/wp\/v2\/users\/7"}],"replies":[{"embeddable":true,"href":"https:\/\/horapicodigital.com.ar\/index.php\/wp-json\/wp\/v2\/comments?post=16021"}],"version-history":[{"count":1,"href":"https:\/\/horapicodigital.com.ar\/index.php\/wp-json\/wp\/v2\/posts\/16021\/revisions"}],"predecessor-version":[{"id":16023,"href":"https:\/\/horapicodigital.com.ar\/index.php\/wp-json\/wp\/v2\/posts\/16021\/revisions\/16023"}],"wp:featuredmedia":[{"embeddable":true,"href":"https:\/\/horapicodigital.com.ar\/index.php\/wp-json\/wp\/v2\/media\/16022"}],"wp:attachment":[{"href":"https:\/\/horapicodigital.com.ar\/index.php\/wp-json\/wp\/v2\/media?parent=16021"}],"wp:term":[{"taxonomy":"category","embeddable":true,"href":"https:\/\/horapicodigital.com.ar\/index.php\/wp-json\/wp\/v2\/categories?post=16021"},{"taxonomy":"post_tag","embeddable":true,"href":"https:\/\/horapicodigital.com.ar\/index.php\/wp-json\/wp\/v2\/tags?post=16021"}],"curies":[{"name":"wp","href":"https:\/\/api.w.org\/{rel}","templated":true}]}}