{"id":16014,"date":"2025-08-14T07:58:49","date_gmt":"2025-08-14T10:58:49","guid":{"rendered":"https:\/\/horapicodigital.com.ar\/?p=16014"},"modified":"2025-08-14T07:58:51","modified_gmt":"2025-08-14T10:58:51","slug":"sadir-inauguro-obras-edilicias-en-la-escuela-n-22-y-el-secundario-rural-n-4-de-carahunco","status":"publish","type":"post","link":"https:\/\/horapicodigital.com.ar\/index.php\/2025\/08\/14\/sadir-inauguro-obras-edilicias-en-la-escuela-n-22-y-el-secundario-rural-n-4-de-carahunco\/","title":{"rendered":"Sadir inaugur\u00f3 obras edilicias en la Escuela N\u00b0 22 y el Secundario Rural N\u00b0 4 de Carahunco"},"content":{"rendered":"\n<p>El gobernador de la Provincia, Carlos Sadir, en compa\u00f1\u00eda de la ministra de Educaci\u00f3n, Miriam Serrano, encabez\u00f3 el acto inaugural de las obras de refacci\u00f3n integral de los edificios pertenecientes a la Escuela N\u00b0 22 \u201cRep\u00fablica de Bolivia\u201d y el Secundario Rural N\u00b0 4 mediado por TIC, ubicados en la localidad de Carahunco, Departamento Palpal\u00e1.<\/p>\n\n\n\n<p>La ceremonia cont\u00f3 adem\u00e1s con la presencia del intendente de Palpal\u00e1, Rub\u00e9n Rivarola, autoridades provinciales, municipales, directivos de CAF (Banco de Desarrollo de Am\u00e9rica Latina y el Caribe), docentes y miembros de la comunidad educativa.<\/p>\n\n\n\n<p>En este marco, el mandatario provincial destac\u00f3 la importancia de la obra que \u201cpermiti\u00f3 la renovaci\u00f3n integral del establecimiento educativo, incluyendo una cocina completamente nueva, a partir de la operatoria de financiaci\u00f3n de la CAF &#8211; Banco de Desarrollo de Am\u00e9rica Latina y el Caribe, en el marco del programa PROMACE, iniciado en 2017 durante la gesti\u00f3n de Gerardo Morales y que contin\u00faa en ejecuci\u00f3n\u201d.<\/p>\n\n\n\n<p>\u201cEsta es una manera de seguir apostando al futuro, a la educaci\u00f3n p\u00fablica y a brindar m\u00e1s y mejor conocimiento a nuestros estudiantes\u201d, sostuvo y apunt\u00f3 que \u201ccon esta inauguraci\u00f3n y con la obra de la Ciudad de las Artes, finalizamos la primera etapa del programa y ya estamos avanzando hacia la siguiente\u201d.<\/p>\n\n\n\n<p>El gobernador tambi\u00e9n resalt\u00f3 las mejoras viales en la zona, en particular la nueva traza que conecta Carahunco, y anunci\u00f3 la continuidad de los trabajos hasta la localidad de La Mendieta. En este sentido, se\u00f1al\u00f3 que estas intervenciones \u201cresponden a una necesidad hist\u00f3rica de productores y empresas de transporte que enfrentaban dificultades por el deterioro de las rutas\u201d.&nbsp;<\/p>\n\n\n\n<p>\u201cNuestro objetivo es que en cada punto de la provincia existan escuelas modernas y rutas en buen estado, trabajando en conjunto con los municipios para el beneficio de toda la comunidad\u201d, afirm\u00f3.&nbsp;<\/p>\n\n\n\n<p>Asimismo, puntualiz\u00f3 que, pese a la decisi\u00f3n del gobierno nacional de discontinuar ciertos programas y obras como el financiamiento del transporte, el FONID, las viviendas y rutas nacionales, \u201cel Estado provincial continuar\u00e1 administrando los recursos de manera eficiente para priorizar inversiones en educaci\u00f3n, infraestructura y desarrollo local\u201d.&nbsp;<\/p>\n\n\n\n<p>Por su parte, la ministra de Educaci\u00f3n, Miriam Serrano, se\u00f1al\u00f3 que \u201cestamos todos muy ansiosos de poder cumplir esta obra que es una escuela nueva, que son ambientes lindos, que son ambientes confortables y por sobre todas las cosas que son ambientes que ayudan e invitan a seguir aprendiendo\u201d.&nbsp;<\/p>\n\n\n\n<p>\u201cEste es un lugar de siembra, seguramente aqu\u00ed habr\u00e1 una gran oportunidad de que sigamos sembrando esa semilla de la educaci\u00f3n para que florezcan no solo nuevos conocimientos, nuevos emprendimientos, sino nuevos profesionales que se van a desarrollar en esta provincia\u201d, consider\u00f3.&nbsp;<\/p>\n\n\n\n<p>Subray\u00f3 que \u201cpor decisi\u00f3n del gobernador Sadir, multiplicamos el trabajo por la educaci\u00f3n p\u00fablica que iguala, garantiza oportunidades y genera estos espacios para que a todos les llegue el conocimiento\u201d.&nbsp;<\/p>\n\n\n\n<p>\u201cLa educaci\u00f3n no solo construye presente, sino tambi\u00e9n sue\u00f1os y un futuro para todos\u201d, complet\u00f3.<\/p>\n","protected":false},"excerpt":{"rendered":"<p>El gobernador de la Provincia, Carlos Sadir, en compa\u00f1\u00eda de la ministra de Educaci\u00f3n, Miriam Serrano, encabez\u00f3 el acto inaugural de las obras de refacci\u00f3n integral de los edificios pertenecientes a la Escuela N\u00b0 22 \u201cRep\u00fablica de Bolivia\u201d y el Secundario Rural N\u00b0 4 mediado por TIC, ubicados en la localidad de Carahunco, Departamento Palpal\u00e1. [&hellip;]<\/p>\n","protected":false},"author":7,"featured_media":16015,"comment_status":"open","ping_status":"open","sticky":false,"template":"","format":"standard","meta":{"_themeisle_gutenberg_block_has_review":false,"footnotes":""},"categories":[248],"tags":[58,1088],"class_list":["post-16014","post","type-post","status-publish","format-standard","has-post-thumbnail","hentry","category-educacion","tag-jujuy","tag-sadir"],"_links":{"self":[{"href":"https:\/\/horapicodigital.com.ar\/index.php\/wp-json\/wp\/v2\/posts\/16014","targetHints":{"allow":["GET"]}}],"collection":[{"href":"https:\/\/horapicodigital.com.ar\/index.php\/wp-json\/wp\/v2\/posts"}],"about":[{"href":"https:\/\/horapicodigital.com.ar\/index.php\/wp-json\/wp\/v2\/types\/post"}],"author":[{"embeddable":true,"href":"https:\/\/horapicodigital.com.ar\/index.php\/wp-json\/wp\/v2\/users\/7"}],"replies":[{"embeddable":true,"href":"https:\/\/horapicodigital.com.ar\/index.php\/wp-json\/wp\/v2\/comments?post=16014"}],"version-history":[{"count":1,"href":"https:\/\/horapicodigital.com.ar\/index.php\/wp-json\/wp\/v2\/posts\/16014\/revisions"}],"predecessor-version":[{"id":16016,"href":"https:\/\/horapicodigital.com.ar\/index.php\/wp-json\/wp\/v2\/posts\/16014\/revisions\/16016"}],"wp:featuredmedia":[{"embeddable":true,"href":"https:\/\/horapicodigital.com.ar\/index.php\/wp-json\/wp\/v2\/media\/16015"}],"wp:attachment":[{"href":"https:\/\/horapicodigital.com.ar\/index.php\/wp-json\/wp\/v2\/media?parent=16014"}],"wp:term":[{"taxonomy":"category","embeddable":true,"href":"https:\/\/horapicodigital.com.ar\/index.php\/wp-json\/wp\/v2\/categories?post=16014"},{"taxonomy":"post_tag","embeddable":true,"href":"https:\/\/horapicodigital.com.ar\/index.php\/wp-json\/wp\/v2\/tags?post=16014"}],"curies":[{"name":"wp","href":"https:\/\/api.w.org\/{rel}","templated":true}]}}