{"id":15969,"date":"2025-08-12T05:40:57","date_gmt":"2025-08-12T08:40:57","guid":{"rendered":"https:\/\/horapicodigital.com.ar\/?p=15969"},"modified":"2025-08-12T05:40:58","modified_gmt":"2025-08-12T08:40:58","slug":"nueva-mesa-de-dialogo-junto-a-gremios-de-la-educacion","status":"publish","type":"post","link":"https:\/\/horapicodigital.com.ar\/index.php\/2025\/08\/12\/nueva-mesa-de-dialogo-junto-a-gremios-de-la-educacion\/","title":{"rendered":"Nueva mesa de di\u00e1logo junto a gremios de la educaci\u00f3n"},"content":{"rendered":"\n<p>En una nueva instancia por recomposici\u00f3n salarial, el Gobierno de la provincia realiz\u00f3 una propuesta superadora respecto a la presentaci\u00f3n inicial realizada anteriormente a AMET, ASDEA, CEDEMS y UDA, la misma contempla aumentos en \u00edtems espec\u00edficos y mejora en condiciones laborales.<\/p>\n\n\n\n<p>Dicha propuesta fue presentada a los sindicatos durante la reuni\u00f3n a la espera de su evaluaci\u00f3n, considerando en este sentido la proximidad de la fecha de liquidaci\u00f3n de los haberes del mes de agosto.<\/p>\n\n\n\n<p>En este marco, los ministros de Hacienda, Educaci\u00f3n y Gobierno, Justicia, Derechos Humanos y Trabajo; Federico Cardozo, Miriam Serrano y Normando \u00c1lvarez Garc\u00eda, respectivamente, destacaron la \u201cvoluntad de di\u00e1logo y acercamiento entre todas las partes\u201d.<\/p>\n\n\n\n<p>El titular de Hacienda, hizo especial \u00e9nfasis en \u201cel gran esfuerzo que se est\u00e1 realizando para llegar a esta nueva propuesta superadora\u201d, ya que \u201cnuestro mayor inter\u00e9s es que vuelvan las clases a las aulas, y por eso estamos realizando todos los esfuerzos necesarios para destrabar esta situaci\u00f3n\u201d, subray\u00f3 Cardozo.<\/p>\n\n\n\n<p>\u201cSe han abordado \u00edtems propuestos por los sindicatos que nuclean a los docentes\u201d, recordando que, dichos conceptos se \u201cafrontan \u00edntegramente con recursos propios\u201d, como el caso del Fondo de Incentivo Docente (FONID), abono docente, y mejoras en infraestructura educativa, entre otros, remarc\u00f3.<\/p>\n","protected":false},"excerpt":{"rendered":"<p>En una nueva instancia por recomposici\u00f3n salarial, el Gobierno de la provincia realiz\u00f3 una propuesta superadora respecto a la presentaci\u00f3n inicial realizada anteriormente a AMET, ASDEA, CEDEMS y UDA, la misma contempla aumentos en \u00edtems espec\u00edficos y mejora en condiciones laborales. Dicha propuesta fue presentada a los sindicatos durante la reuni\u00f3n a la espera de [&hellip;]<\/p>\n","protected":false},"author":7,"featured_media":15970,"comment_status":"open","ping_status":"open","sticky":false,"template":"","format":"standard","meta":{"_themeisle_gutenberg_block_has_review":false,"footnotes":""},"categories":[248],"tags":[58],"class_list":["post-15969","post","type-post","status-publish","format-standard","has-post-thumbnail","hentry","category-educacion","tag-jujuy"],"_links":{"self":[{"href":"https:\/\/horapicodigital.com.ar\/index.php\/wp-json\/wp\/v2\/posts\/15969","targetHints":{"allow":["GET"]}}],"collection":[{"href":"https:\/\/horapicodigital.com.ar\/index.php\/wp-json\/wp\/v2\/posts"}],"about":[{"href":"https:\/\/horapicodigital.com.ar\/index.php\/wp-json\/wp\/v2\/types\/post"}],"author":[{"embeddable":true,"href":"https:\/\/horapicodigital.com.ar\/index.php\/wp-json\/wp\/v2\/users\/7"}],"replies":[{"embeddable":true,"href":"https:\/\/horapicodigital.com.ar\/index.php\/wp-json\/wp\/v2\/comments?post=15969"}],"version-history":[{"count":1,"href":"https:\/\/horapicodigital.com.ar\/index.php\/wp-json\/wp\/v2\/posts\/15969\/revisions"}],"predecessor-version":[{"id":15971,"href":"https:\/\/horapicodigital.com.ar\/index.php\/wp-json\/wp\/v2\/posts\/15969\/revisions\/15971"}],"wp:featuredmedia":[{"embeddable":true,"href":"https:\/\/horapicodigital.com.ar\/index.php\/wp-json\/wp\/v2\/media\/15970"}],"wp:attachment":[{"href":"https:\/\/horapicodigital.com.ar\/index.php\/wp-json\/wp\/v2\/media?parent=15969"}],"wp:term":[{"taxonomy":"category","embeddable":true,"href":"https:\/\/horapicodigital.com.ar\/index.php\/wp-json\/wp\/v2\/categories?post=15969"},{"taxonomy":"post_tag","embeddable":true,"href":"https:\/\/horapicodigital.com.ar\/index.php\/wp-json\/wp\/v2\/tags?post=15969"}],"curies":[{"name":"wp","href":"https:\/\/api.w.org\/{rel}","templated":true}]}}